{"id":19319,"date":"2025-10-04T12:11:05","date_gmt":"2025-10-04T15:11:05","guid":{"rendered":"https:\/\/enlamira.info\/?p=19319"},"modified":"2025-10-04T12:12:22","modified_gmt":"2025-10-04T15:12:22","slug":"editorial-milei-espert-y-el-costo-de-no-decir-las-cosas-a-tiempo","status":"publish","type":"post","link":"https:\/\/enlamira.info\/index.php\/2025\/10\/04\/editorial-milei-espert-y-el-costo-de-no-decir-las-cosas-a-tiempo\/","title":{"rendered":"Editorial | Milei, Espert y el costo de no decir las cosas a tiempo"},"content":{"rendered":"\n<p>Por <em>Marcelo Brunwald \u2013 La Voz del Vecino<\/em><\/p>\n\n\n\n<p>Mucho ruido pol\u00edtico, muchas operaciones y, sobre todo, mucha soberbia comunicacional. As\u00ed se podr\u00eda resumir la \u00faltima semana del gobierno libertario, con Jos\u00e9 Luis Espert en el ojo del hurac\u00e1n por el esc\u00e1ndalo del supuesto cobro de fondos de un empresario ligado al narcotr\u00e1fico.<\/p>\n\n\n\n<p>A ver \u2014hablando claro\u2014, la historia es vieja. El gobierno ya sab\u00eda de esos pagos, pero eligi\u00f3 el peor camino posible: ocultar. Y en comunicaci\u00f3n, ocultar es mentir. No lo digo yo, lo sabe cualquier vecino. Si te preguntan algo y das vueltas, la gente ya te condena. Y eso fue exactamente lo que pas\u00f3 con Espert: en lugar de salir a explicar r\u00e1pido y de frente, dej\u00f3 que el tema creciera, que los medios se lo comieran vivo, y que Milei quedara salpicado.<\/p>\n\n\n\n<p>Porque si vos sos candidato a presidente \u2014no concejal de barrio\u2014, no pod\u00e9s desconocer con qui\u00e9n te sac\u00e1s una foto o de qui\u00e9n cobr\u00e1s un cheque. Menos si el tipo tiene antecedentes de narcotr\u00e1fico. \u00bfCobraste por un laburo? Perfecto, decilo. Pero no te hagas el distra\u00eddo, porque cuando el periodista insiste y vos esquiv\u00e1s la respuesta, el vecino percibe otra cosa: que est\u00e1s mintiendo.<\/p>\n\n\n\n<p>Y Milei, en lugar de apagar el incendio, lo agrand\u00f3 con su estilo de siempre. \u201cNo tengo que dar explicaciones\u201d, dijo. Error. En pol\u00edtica, todo se explica. Hasta la hora en la que vas al ba\u00f1o si sos funcionario. La soberbia es el peor enemigo de la comunicaci\u00f3n.<\/p>\n\n\n\n<p>Mientras tanto, la oposici\u00f3n aprovech\u00f3 el silencio libertario y lo amplific\u00f3. Grabo\u00eds, con una operaci\u00f3n de manual, desempolv\u00f3 una historia vieja y la disfraz\u00f3 de novedad. El resultado: una semana completa hablando de \u201cEspert y la falopa\u201d. Y en el barro, cuando te qued\u00e1s callado, perd\u00e9s.<\/p>\n\n\n\n<p>Pero no todo fue caos para el gobierno. En paralelo, Milei y Patricia Bullrich presentaron el nuevo C\u00f3digo Penal, y ah\u00ed apareci\u00f3 una imagen que les dio aire: la foto con Oscar Chocobar, el polic\u00eda que defendi\u00f3 a un turista y a tres vecinos en La Boca. Un tipo de carne y hueso, h\u00e9roe sin uniforme de pel\u00edcula, al que muchos del progresismo le dieron la espalda.<\/p>\n\n\n\n<p>Yo lo conozco. Lo banqu\u00e9 desde el minuto cero, cuando todos se le corrieron. Cuando los mismos que cobran de la pol\u00edtica lo dejaron solo. Chocobar es de Avellaneda, un vecino m\u00e1s, un tipo que puso el cuerpo donde otros ponen excusas. Y verlo al lado del presidente fue un gesto fuerte: un mensaje claro, sin palabras, de que hay que volver a bancar a los que nos cuidan.<\/p>\n\n\n\n<p>Y s\u00ed, lo digo sin vueltas: si yo fuera jefe de campa\u00f1a de Milei, pondr\u00eda a Chocobar en la primera l\u00ednea. Que recorra los barrios, que camine el conurbano, que le hable a la gente que vive con miedo. Porque mientras el kirchnerismo se victimiza con los delincuentes, la calle pide otra cosa: seguridad, orden y verdad.<\/p>\n\n\n\n<p>Por eso, m\u00e1s all\u00e1 del papel\u00f3n de Espert, la lecci\u00f3n es clara. En pol\u00edtica no se puede pecar de ingenuo, ni de soberbio. Si te equivoc\u00e1s, lo admit\u00eds. Si cobraste, lo explic\u00e1s. Y si sos distinto, lo demostr\u00e1s con hechos.<\/p>\n\n\n\n<p>El problema no fue el dinero. Fue el silencio.<br>Y ese silencio \u2014en comunicaci\u00f3n\u2014 se paga caro.<\/p>\n\n\n\n<figure class=\"wp-block-embed is-type-video is-provider-youtube wp-block-embed-youtube wp-embed-aspect-16-9 wp-has-aspect-ratio\"><div class=\"wp-block-embed__wrapper\">\n<iframe loading=\"lazy\" title=\"Editorial: Por Marcelo Brunwald + Comunicado de Jos\u00e9 Luis Espert (03-10-2025)\" width=\"640\" height=\"360\" src=\"https:\/\/www.youtube.com\/embed\/wxnjP78aBpw?feature=oembed\" frameborder=\"0\" allow=\"accelerometer; autoplay; clipboard-write; encrypted-media; gyroscope; picture-in-picture; web-share\" referrerpolicy=\"strict-origin-when-cross-origin\" allowfullscreen><\/iframe>\n<\/div><\/figure>\n","protected":false},"excerpt":{"rendered":"<p>Por Marcelo Brunwald \u2013 La Voz del Vecino Mucho ruido pol\u00edtico, muchas operaciones y, sobre todo, mucha soberbia comunicacional. As\u00ed se podr\u00eda resumir la \u00faltima semana del gobierno libertario, con Jos\u00e9 Luis Espert en el ojo del hurac\u00e1n por el esc\u00e1ndalo del supuesto cobro de fondos de un empresario ligado al narcotr\u00e1fico. A ver \u2014hablando [&hellip;]<\/p>\n","protected":false},"author":4,"featured_media":19323,"comment_status":"open","ping_status":"open","sticky":false,"template":"","format":"standard","meta":{"footnotes":""},"categories":[1,4,20,5],"tags":[],"_links":{"self":[{"href":"https:\/\/enlamira.info\/index.php\/wp-json\/wp\/v2\/posts\/19319"}],"collection":[{"href":"https:\/\/enlamira.info\/index.php\/wp-json\/wp\/v2\/posts"}],"about":[{"href":"https:\/\/enlamira.info\/index.php\/wp-json\/wp\/v2\/types\/post"}],"author":[{"embeddable":true,"href":"https:\/\/enlamira.info\/index.php\/wp-json\/wp\/v2\/users\/4"}],"replies":[{"embeddable":true,"href":"https:\/\/enlamira.info\/index.php\/wp-json\/wp\/v2\/comments?post=19319"}],"version-history":[{"count":1,"href":"https:\/\/enlamira.info\/index.php\/wp-json\/wp\/v2\/posts\/19319\/revisions"}],"predecessor-version":[{"id":19322,"href":"https:\/\/enlamira.info\/index.php\/wp-json\/wp\/v2\/posts\/19319\/revisions\/19322"}],"wp:featuredmedia":[{"embeddable":true,"href":"https:\/\/enlamira.info\/index.php\/wp-json\/wp\/v2\/media\/19323"}],"wp:attachment":[{"href":"https:\/\/enlamira.info\/index.php\/wp-json\/wp\/v2\/media?parent=19319"}],"wp:term":[{"taxonomy":"category","embeddable":true,"href":"https:\/\/enlamira.info\/index.php\/wp-json\/wp\/v2\/categories?post=19319"},{"taxonomy":"post_tag","embeddable":true,"href":"https:\/\/enlamira.info\/index.php\/wp-json\/wp\/v2\/tags?post=19319"}],"curies":[{"name":"wp","href":"https:\/\/api.w.org\/{rel}","templated":true}]}}