{"id":19316,"date":"2025-10-04T00:28:34","date_gmt":"2025-10-04T03:28:34","guid":{"rendered":"https:\/\/enlamira.info\/?p=19316"},"modified":"2025-10-04T00:28:34","modified_gmt":"2025-10-04T03:28:34","slug":"intendentes-exigen-un-cambio-de-rumbo-economico-y-social","status":"publish","type":"post","link":"https:\/\/enlamira.info\/index.php\/2025\/10\/04\/intendentes-exigen-un-cambio-de-rumbo-economico-y-social\/","title":{"rendered":"Intendentes exigen un cambio de rumbo econ\u00f3mico y social"},"content":{"rendered":"\n<p>La Federaci\u00f3n Argentina de Municipios (FAM), que nuclea a m\u00e1s de 500 jefes comunales de todo el pa\u00eds, le exigieron al presidente Javier Milei que \u201ccumpla con la Constituci\u00f3n, la divisi\u00f3n de Poderes y el federalismo\u201d.<\/p>\n\n\n\n<p>El gobernador de la provincia de Buenos Aires, Axel Kicillof, particip\u00f3 del encuentro y alert\u00f3 que el resultado de las elecciones provinciales, del pasado 7 de septiembre, \u201cfue un mensaje contundente\u201d.<\/p>\n\n\n\n<p>Desde la FAM reclamaron: \u201cExhortamos al Gobierno a frenar sus crueles medidas econ\u00f3micas y a tomar un nuevo rumbo que detenga las consecuencias sociales de sus pol\u00edticas, que atentan directamente contra la subsistencia de los jubilados, el empleo y la dignidad de la mesa de las familias\u201d.<\/p>\n\n\n\n<p>En un comunicado, la FAM, que preside el matancero Fernando Espinoza, alert\u00f3 que Argentina atraviesa una \u201ccat\u00e1strofe de enorme gravedad econ\u00f3mica y social\u201d y denunci\u00f3 que las consecuencias de esa crisis la est\u00e1 pagando el pueblo con \u201csacrificios insoportables\u201d.<\/p>\n\n\n\n<p>\u201cMientras el pueblo hace sacrificios insoportables, Milei sigue beneficiando a los mismos de siempre: los m\u00e1s ricos, las corporaciones, el poder econ\u00f3mico, los banqueros y las multinacionales\u201d, enumer\u00f3.<\/p>\n\n\n\n<p>Asimismo, la federaci\u00f3n dio cuenta de un mayor ajuste de recursos para los municipios del pa\u00eds en el Presupuesto 2026 que, seg\u00fan consider\u00f3 la FAM, \u201cno se discute colectivamente\u201d sino que \u201cse impone y consolida un modelo injusto que concentra privilegios y multiplica desigualdades\u201d.<\/p>\n\n\n\n<p>\u201cLos recursos que se transferir\u00e1n a las provincias (y, por ende, a los municipios que las componemos) son, en t\u00e9rminos reales, un 36,7% menores que lo proyectado para este a\u00f1o, en el que ya nos quitaron m\u00e1s del 80% de los fondos educativos, entre otros, que recib\u00edamos hasta fines de 2023\u201d, detall\u00f3.<\/p>\n\n\n\n<p>Adem\u00e1s, la FAM rechaz\u00f3 el ajuste a las universidades y el Hospital Garrahan, al tiempo que volvi\u00f3 a dar cuenta del \u201cabandono\u201d por parte del Ejecutivo de \u201cla obra p\u00fablica nacional, que afecta directamente a las econom\u00edas de cada ciudad, a la producci\u00f3n, al turismo y la seguridad de los municipios\u201d.<\/p>\n\n\n\n<p>En este escenario, los intendentes se\u00f1alaron tambi\u00e9n que no puede haber democracia plena con la \u201cproscripci\u00f3n\u201d de la ex presidenta Cristina Fern\u00e1ndez de Kirchner y reiteraron el pedido de una reuni\u00f3n con el Presidente.<\/p>\n\n\n\n<p>\u201cEl rumbo econ\u00f3mico debe cambiar de manera urgente, porque el camino elegido s\u00f3lo conduce a m\u00e1s pobreza, m\u00e1s exclusi\u00f3n y m\u00e1s injusticia. El pueblo argentino merece otro destino: uno de esperanza, de soberan\u00eda y de dignidad\u201d, remarc\u00f3 la FAM.<\/p>\n","protected":false},"excerpt":{"rendered":"<p>La Federaci\u00f3n Argentina de Municipios (FAM), que nuclea a m\u00e1s de 500 jefes comunales de todo el pa\u00eds, le exigieron al presidente Javier Milei que \u201ccumpla con la Constituci\u00f3n, la divisi\u00f3n de Poderes y el federalismo\u201d. El gobernador de la provincia de Buenos Aires, Axel Kicillof, particip\u00f3 del encuentro y alert\u00f3 que el resultado de [&hellip;]<\/p>\n","protected":false},"author":4,"featured_media":19313,"comment_status":"open","ping_status":"open","sticky":false,"template":"","format":"standard","meta":{"footnotes":""},"categories":[4],"tags":[],"_links":{"self":[{"href":"https:\/\/enlamira.info\/index.php\/wp-json\/wp\/v2\/posts\/19316"}],"collection":[{"href":"https:\/\/enlamira.info\/index.php\/wp-json\/wp\/v2\/posts"}],"about":[{"href":"https:\/\/enlamira.info\/index.php\/wp-json\/wp\/v2\/types\/post"}],"author":[{"embeddable":true,"href":"https:\/\/enlamira.info\/index.php\/wp-json\/wp\/v2\/users\/4"}],"replies":[{"embeddable":true,"href":"https:\/\/enlamira.info\/index.php\/wp-json\/wp\/v2\/comments?post=19316"}],"version-history":[{"count":1,"href":"https:\/\/enlamira.info\/index.php\/wp-json\/wp\/v2\/posts\/19316\/revisions"}],"predecessor-version":[{"id":19317,"href":"https:\/\/enlamira.info\/index.php\/wp-json\/wp\/v2\/posts\/19316\/revisions\/19317"}],"wp:featuredmedia":[{"embeddable":true,"href":"https:\/\/enlamira.info\/index.php\/wp-json\/wp\/v2\/media\/19313"}],"wp:attachment":[{"href":"https:\/\/enlamira.info\/index.php\/wp-json\/wp\/v2\/media?parent=19316"}],"wp:term":[{"taxonomy":"category","embeddable":true,"href":"https:\/\/enlamira.info\/index.php\/wp-json\/wp\/v2\/categories?post=19316"},{"taxonomy":"post_tag","embeddable":true,"href":"https:\/\/enlamira.info\/index.php\/wp-json\/wp\/v2\/tags?post=19316"}],"curies":[{"name":"wp","href":"https:\/\/api.w.org\/{rel}","templated":true}]}}