{"id":19290,"date":"2025-10-02T23:06:31","date_gmt":"2025-10-03T02:06:31","guid":{"rendered":"https:\/\/enlamira.info\/?p=19290"},"modified":"2025-10-02T23:06:31","modified_gmt":"2025-10-03T02:06:31","slug":"avellaneda-la-desaparicion-del-funcionario-judicial-gustavo-daniel-jauregui-destapo-denuncias-de-maltrato-laboral-en-la-justicia","status":"publish","type":"post","link":"https:\/\/enlamira.info\/index.php\/2025\/10\/02\/avellaneda-la-desaparicion-del-funcionario-judicial-gustavo-daniel-jauregui-destapo-denuncias-de-maltrato-laboral-en-la-justicia\/","title":{"rendered":"Avellaneda: la desaparici\u00f3n del funcionario judicial Gustavo Daniel Jauregui destap\u00f3 denuncias de maltrato laboral en la Justicia"},"content":{"rendered":"\n<p>La desaparici\u00f3n durante varios d\u00edas del funcionario judicial de Avellaneda, Gustavo Daniel Jauregui, gener\u00f3 conmoci\u00f3n en el \u00e1mbito judicial y en la comunidad local. Aunque en las \u00faltimas horas se comunic\u00f3 con la fiscal\u00eda para confirmar que estaba con vida, el caso expuso denuncias de presunto hostigamiento laboral contra su superiora, la defensora general Shilda Maltas.<\/p>\n\n\n\n<p>Jauregui, secretario judicial, hab\u00eda sido reportado como desaparecido tras dejar una extensa carta en un grupo de WhatsApp de empleados judiciales. En ese escrito denunci\u00f3 un <strong>\u201csistem\u00e1tico hostigamiento y violencia laboral\u201d<\/strong> por parte de Maltas, se\u00f1alando episodios como la negativa injustificada a otorgarle vacaciones, el retiro de pertenencias personales de su oficina y descuentos salariales en per\u00edodos de licencia o teletrabajo.<\/p>\n\n\n\n<p>En la misiva, Jauregui relat\u00f3: <em>\u201cMe cans\u00e9 de luchar por algo tan simple como poder trabajar sin violencia y ser respetado, ya no como secretario, sino como un ser humano. El objetivo de la doctora Maltas era muy claro: que yo no pertenezca m\u00e1s al Poder Judicial\u201d<\/em>.<\/p>\n\n\n\n<p>El funcionario asegur\u00f3 que estas situaciones deterioraron su salud mental y lo llevaron a un l\u00edmite emocional: <em>\u201cPor eso me despido de este mundo, ya que no tolero m\u00e1s nada de todo esto\u201d<\/em>. Sin embargo, tras la difusi\u00f3n de su carta y el flyer oficial de b\u00fasqueda, se comunic\u00f3 con el fiscal Mariano Ciuto para confirmar que estaba con vida.<\/p>\n\n\n\n<p>Pese a esta se\u00f1al, fuentes judiciales confirmaron que la b\u00fasqueda contin\u00faa activa, ya que se desconoce su paradero f\u00edsico. Mientras tanto, la denuncia p\u00fablica de Jauregui abri\u00f3 un fuerte debate sobre el clima laboral dentro del Poder Judicial de Avellaneda-Lan\u00fas y el rol de las autoridades.<\/p>\n\n\n\n<p>La defensora general Shilda Maltas, apuntada directamente en la carta, a\u00fan no brind\u00f3 declaraciones p\u00fablicas sobre las graves acusaciones que pesan en su contra. Desde distintos sectores gremiales y del \u00e1mbito judicial se espera una pronta respuesta, mientras compa\u00f1eros de trabajo de Jauregui admiten que estaban al tanto de sus conflictos y manifestaron preocupaci\u00f3n por su estado.<\/p>\n\n\n\n<p>El caso no solo plantea interrogantes sobre la salud y la seguridad de Jauregui, sino tambi\u00e9n sobre los mecanismos de control y protecci\u00f3n frente a denuncias de maltrato en el Poder Judicial.<\/p>\n\n\n\n<figure class=\"wp-block-embed is-type-video is-provider-youtube wp-block-embed-youtube wp-embed-aspect-16-9 wp-has-aspect-ratio\"><div class=\"wp-block-embed__wrapper\">\n<iframe loading=\"lazy\" title=\"Continua la busqueda del funcionario judicial de Avellaneda\" width=\"640\" height=\"360\" src=\"https:\/\/www.youtube.com\/embed\/ILKYdp_4awY?feature=oembed\" frameborder=\"0\" allow=\"accelerometer; autoplay; clipboard-write; encrypted-media; gyroscope; picture-in-picture; web-share\" referrerpolicy=\"strict-origin-when-cross-origin\" allowfullscreen><\/iframe>\n<\/div><\/figure>\n\n\n\n<p><\/p>\n","protected":false},"excerpt":{"rendered":"<p>La desaparici\u00f3n durante varios d\u00edas del funcionario judicial de Avellaneda, Gustavo Daniel Jauregui, gener\u00f3 conmoci\u00f3n en el \u00e1mbito judicial y en la comunidad local. Aunque en las \u00faltimas horas se comunic\u00f3 con la fiscal\u00eda para confirmar que estaba con vida, el caso expuso denuncias de presunto hostigamiento laboral contra su superiora, la defensora general Shilda [&hellip;]<\/p>\n","protected":false},"author":4,"featured_media":19304,"comment_status":"open","ping_status":"open","sticky":false,"template":"","format":"standard","meta":{"footnotes":""},"categories":[1,126,32,34],"tags":[],"_links":{"self":[{"href":"https:\/\/enlamira.info\/index.php\/wp-json\/wp\/v2\/posts\/19290"}],"collection":[{"href":"https:\/\/enlamira.info\/index.php\/wp-json\/wp\/v2\/posts"}],"about":[{"href":"https:\/\/enlamira.info\/index.php\/wp-json\/wp\/v2\/types\/post"}],"author":[{"embeddable":true,"href":"https:\/\/enlamira.info\/index.php\/wp-json\/wp\/v2\/users\/4"}],"replies":[{"embeddable":true,"href":"https:\/\/enlamira.info\/index.php\/wp-json\/wp\/v2\/comments?post=19290"}],"version-history":[{"count":1,"href":"https:\/\/enlamira.info\/index.php\/wp-json\/wp\/v2\/posts\/19290\/revisions"}],"predecessor-version":[{"id":19305,"href":"https:\/\/enlamira.info\/index.php\/wp-json\/wp\/v2\/posts\/19290\/revisions\/19305"}],"wp:featuredmedia":[{"embeddable":true,"href":"https:\/\/enlamira.info\/index.php\/wp-json\/wp\/v2\/media\/19304"}],"wp:attachment":[{"href":"https:\/\/enlamira.info\/index.php\/wp-json\/wp\/v2\/media?parent=19290"}],"wp:term":[{"taxonomy":"category","embeddable":true,"href":"https:\/\/enlamira.info\/index.php\/wp-json\/wp\/v2\/categories?post=19290"},{"taxonomy":"post_tag","embeddable":true,"href":"https:\/\/enlamira.info\/index.php\/wp-json\/wp\/v2\/tags?post=19290"}],"curies":[{"name":"wp","href":"https:\/\/api.w.org\/{rel}","templated":true}]}}