{"id":19289,"date":"2025-10-04T12:40:15","date_gmt":"2025-10-04T15:40:15","guid":{"rendered":"https:\/\/enlamira.info\/?p=19289"},"modified":"2025-10-04T12:40:15","modified_gmt":"2025-10-04T15:40:15","slug":"daniel-bazan-la-voz-del-barrio-y-el-alma-de-avellaneda","status":"publish","type":"post","link":"https:\/\/enlamira.info\/index.php\/2025\/10\/04\/daniel-bazan-la-voz-del-barrio-y-el-alma-de-avellaneda\/","title":{"rendered":"Daniel Baz\u00e1n: la voz del barrio y el alma de Avellaneda"},"content":{"rendered":"\n<p>Hay una esencia que conecta con el vecino de barrio, con vos, conmigo, con nuestra historia. Y hay alguien que la plasm\u00f3 en m\u00fasica: <strong>Daniel Baz\u00e1n<\/strong>, querido vecino y amigo, para muchos, el autor del himno no oficial de Avellaneda.<\/p>\n\n\n\n<p>\u201cYo s\u00e9 que me llamo de otra manera, pero para m\u00ed es el himno de Avellaneda, porque te pinta el barrio\u201d, dice Baz\u00e1n, recordando c\u00f3mo su m\u00fasica refleja las calles, los caf\u00e9s, las cocinas y las alegr\u00edas del lugar que lo acogi\u00f3. Alba Posedente, amiga de toda la vida, lo acompa\u00f1a en la charla, recordando la importancia de la memoria social y comunitaria.<\/p>\n\n\n\n<p>Daniel naci\u00f3 en <strong>Balcarce<\/strong>, pero Avellaneda lo malcri\u00f3: \u201cMe malcri\u00f3 y por eso no puedo dejar de quererla\u201d, dice. A lo largo de los a\u00f1os, recorri\u00f3 la ciudad cantando, haciendo serenatas y compartiendo historias con vecinos.<\/p>\n\n\n\n<p>Adem\u00e1s de su m\u00fasica, Daniel es un verdadero referente del barrio: <strong>tiene una peluquer\u00eda en el Club Racing de Avellaneda<\/strong>, donde corta el pelo a generaciones de jugadores, dirigentes e hinchas. Su v\u00ednculo con la comunidad va m\u00e1s all\u00e1 del arte: tambi\u00e9n trabaj\u00f3 en la <strong>Municipalidad de Avellaneda<\/strong>, en el \u00e1rea de Cultura, contribuyendo a difundir y fortalecer la identidad local.<\/p>\n\n\n\n<p>Su m\u00fasica trascendi\u00f3 fronteras: le dedic\u00f3 un homenaje al <strong>Papa Francisco<\/strong>, y su canci\u00f3n se escuch\u00f3 en la <strong>Santa Sede<\/strong>, un reconocimiento \u00fanico que refleja la calidad y sensibilidad de su obra.<\/p>\n\n\n\n<p>Para Baz\u00e1n, escribir canciones es un acto de sensibilidad: \u201cEl d\u00eda que reconoc\u00e9s que ten\u00e9s un coraz\u00f3n y permit\u00eds que hable por vos, la m\u00fasica fluye. No se trata de inventar, sino de dejar que el sentimiento emerja\u201d. Su m\u00fasica refleja su historia y la de su gente, y cada canci\u00f3n es un retrato del barrio y la vida cotidiana.<\/p>\n\n\n\n<p>\u201cAvellaneda est\u00e1 muy linda\u201d, destaca Daniel, con orgullo por su ciudad y su gente, donde cada calle y esquina tienen un recuerdo y una historia que cantar.<\/p>\n\n\n\n<p><strong>D\u00f3nde seguir a Daniel Baz\u00e1n:<\/strong><\/p>\n\n\n\n<ul>\n<li>YouTube y Facebook: <em>Daniel Baz\u00e1n Cantautor<\/em><\/li>\n\n\n\n<li>Instagram: <em>Daniel Baz\u00e1n Cantautor<\/em><\/li>\n<\/ul>\n\n\n\n<figure class=\"wp-block-embed is-type-video is-provider-youtube wp-block-embed-youtube wp-embed-aspect-16-9 wp-has-aspect-ratio\"><div class=\"wp-block-embed__wrapper\">\n<iframe loading=\"lazy\" title=\"Entrevista: Daniel Bazan Cantautor de Avellaneda\" width=\"640\" height=\"360\" src=\"https:\/\/www.youtube.com\/embed\/mUyY_tSTEPo?feature=oembed\" frameborder=\"0\" allow=\"accelerometer; autoplay; clipboard-write; encrypted-media; gyroscope; picture-in-picture; web-share\" referrerpolicy=\"strict-origin-when-cross-origin\" allowfullscreen><\/iframe>\n<\/div><\/figure>\n","protected":false},"excerpt":{"rendered":"<p>Hay una esencia que conecta con el vecino de barrio, con vos, conmigo, con nuestra historia. Y hay alguien que la plasm\u00f3 en m\u00fasica: Daniel Baz\u00e1n, querido vecino y amigo, para muchos, el autor del himno no oficial de Avellaneda. \u201cYo s\u00e9 que me llamo de otra manera, pero para m\u00ed es el himno de [&hellip;]<\/p>\n","protected":false},"author":4,"featured_media":19328,"comment_status":"open","ping_status":"open","sticky":false,"template":"","format":"standard","meta":{"footnotes":""},"categories":[1],"tags":[],"_links":{"self":[{"href":"https:\/\/enlamira.info\/index.php\/wp-json\/wp\/v2\/posts\/19289"}],"collection":[{"href":"https:\/\/enlamira.info\/index.php\/wp-json\/wp\/v2\/posts"}],"about":[{"href":"https:\/\/enlamira.info\/index.php\/wp-json\/wp\/v2\/types\/post"}],"author":[{"embeddable":true,"href":"https:\/\/enlamira.info\/index.php\/wp-json\/wp\/v2\/users\/4"}],"replies":[{"embeddable":true,"href":"https:\/\/enlamira.info\/index.php\/wp-json\/wp\/v2\/comments?post=19289"}],"version-history":[{"count":1,"href":"https:\/\/enlamira.info\/index.php\/wp-json\/wp\/v2\/posts\/19289\/revisions"}],"predecessor-version":[{"id":19329,"href":"https:\/\/enlamira.info\/index.php\/wp-json\/wp\/v2\/posts\/19289\/revisions\/19329"}],"wp:featuredmedia":[{"embeddable":true,"href":"https:\/\/enlamira.info\/index.php\/wp-json\/wp\/v2\/media\/19328"}],"wp:attachment":[{"href":"https:\/\/enlamira.info\/index.php\/wp-json\/wp\/v2\/media?parent=19289"}],"wp:term":[{"taxonomy":"category","embeddable":true,"href":"https:\/\/enlamira.info\/index.php\/wp-json\/wp\/v2\/categories?post=19289"},{"taxonomy":"post_tag","embeddable":true,"href":"https:\/\/enlamira.info\/index.php\/wp-json\/wp\/v2\/tags?post=19289"}],"curies":[{"name":"wp","href":"https:\/\/api.w.org\/{rel}","templated":true}]}}