{"id":19288,"date":"2025-10-02T22:30:40","date_gmt":"2025-10-03T01:30:40","guid":{"rendered":"https:\/\/enlamira.info\/?p=19288"},"modified":"2025-10-02T22:30:40","modified_gmt":"2025-10-03T01:30:40","slug":"crucecita-en-riesgo-autos-sobre-las-vias-activas-y-una-municipalidad-que-mira-para-otro-lado","status":"publish","type":"post","link":"https:\/\/enlamira.info\/index.php\/2025\/10\/02\/crucecita-en-riesgo-autos-sobre-las-vias-activas-y-una-municipalidad-que-mira-para-otro-lado\/","title":{"rendered":"Crucecita en riesgo: autos sobre las v\u00edas activas y una municipalidad que mira para otro lado"},"content":{"rendered":"\n<p><strong>Vecinos de Roca y 12 de Octubre denuncian que, pese a que el municipio hizo obras de embellecimiento, la zona volvi\u00f3 a quedar abandonada. Autos estacionados en las v\u00edas, escombros y una plaza infantil al lado de un ramal activo generan un peligro constante. Reclaman intervenci\u00f3n urgente de la municipalidad y del ferrocarril antes de que ocurra otra tragedia.<\/strong><\/p>\n\n\n\n<p>La voz de alerta la dio Guillermo, vecino de <strong>Crucecita<\/strong>, quien se comunic\u00f3 con <em>La Voz del Vecino<\/em> para contar lo que ocurre en el paso a nivel de <strong>Roca y 12 de Octubre<\/strong>, frente a la ex parrilla Mat\u00edas. All\u00ed, un terrapl\u00e9n improvisado permite a los peatones cruzar las v\u00edas. Muchos creen que son v\u00edas muertas, pero en realidad por ese ramal circula un tren carguero de manera diaria, incluso en horarios nocturnos.<\/p>\n\n\n\n<p>Seg\u00fan relat\u00f3, la situaci\u00f3n es ca\u00f3tica: autos estacionados directamente sobre los rieles, escombros acumulados tras la rotura de una senda peatonal, y hasta una plaza infantil instalada enfrente, lo que aumenta el riesgo para los m\u00e1s chicos. \u201cEl tren pasa de noche tocando bocina varias veces para avisar que no se crucen, pero con los chicos jugando ah\u00ed enfrente, cualquier d\u00eda puede pasar una desgracia\u201d, advirti\u00f3.<\/p>\n\n\n\n<figure class=\"wp-block-image size-large\"><img loading=\"lazy\" decoding=\"async\" width=\"768\" height=\"1024\" src=\"https:\/\/enlamira.info\/wp-content\/uploads\/2025\/10\/01ecce49-0eda-4e05-a783-ca045e8aebf4-768x1024.jpg\" alt=\"\" class=\"wp-image-19292\" srcset=\"https:\/\/enlamira.info\/wp-content\/uploads\/2025\/10\/01ecce49-0eda-4e05-a783-ca045e8aebf4-768x1024.jpg 768w, https:\/\/enlamira.info\/wp-content\/uploads\/2025\/10\/01ecce49-0eda-4e05-a783-ca045e8aebf4-225x300.jpg 225w, https:\/\/enlamira.info\/wp-content\/uploads\/2025\/10\/01ecce49-0eda-4e05-a783-ca045e8aebf4.jpg 960w\" sizes=\"(max-width: 768px) 100vw, 768px\" \/><\/figure>\n\n\n\n<p>Guillermo asegur\u00f3 que se acerc\u00f3 a la municipalidad de Avellaneda para reclamar, pero solo recibi\u00f3 promesas vac\u00edas: \u201cFui hace una semana, me dijeron que iban a actuar en consecuencia, pero no hicieron nada. Mientras tanto, los autos siguen en la v\u00eda y la municipalidad mira para arriba\u201d.<\/p>\n\n\n\n<figure class=\"wp-block-image size-large\"><img loading=\"lazy\" decoding=\"async\" width=\"768\" height=\"1024\" src=\"https:\/\/enlamira.info\/wp-content\/uploads\/2025\/10\/8d4fb191-2be1-400f-8cf6-f2fc494b9544-768x1024.jpg\" alt=\"\" class=\"wp-image-19293\" srcset=\"https:\/\/enlamira.info\/wp-content\/uploads\/2025\/10\/8d4fb191-2be1-400f-8cf6-f2fc494b9544-768x1024.jpg 768w, https:\/\/enlamira.info\/wp-content\/uploads\/2025\/10\/8d4fb191-2be1-400f-8cf6-f2fc494b9544-225x300.jpg 225w, https:\/\/enlamira.info\/wp-content\/uploads\/2025\/10\/8d4fb191-2be1-400f-8cf6-f2fc494b9544.jpg 960w\" sizes=\"(max-width: 768px) 100vw, 768px\" \/><\/figure>\n\n\n\n<p>Adem\u00e1s, record\u00f3 un hecho tr\u00e1gico ocurrido a\u00f1os atr\u00e1s, cuando dos adolescentes caminaban distra\u00eddas con auriculares sobre las v\u00edas y fueron sorprendidas por el tren: una de ellas muri\u00f3 en el acto. \u201cEsto no es un chiste. Ya pas\u00f3 una vez, no puede volver a repetirse\u201d, enfatiz\u00f3.<\/p>\n\n\n\n<p>El vecino tambi\u00e9n apunt\u00f3 contra el descontrol urbano: construcciones irregulares, terrenos tomados y una garita policial que, lejos de dar seguridad, \u201centorpece la visual de quienes cruzan y no controla nada\u201d. Y lanz\u00f3 una frase que resume la indignaci\u00f3n de los frentistas: \u201cEstamos pagando impuestos para que vengan, corten el pasto alrededor de los escombros y los dejen ah\u00ed, como si fuera normal. Es una cargada\u201d.<\/p>\n\n\n\n<figure class=\"wp-block-image size-large\"><img loading=\"lazy\" decoding=\"async\" width=\"472\" height=\"1024\" src=\"https:\/\/enlamira.info\/wp-content\/uploads\/2025\/10\/bd232979-7fb7-4fc7-a82f-72f3c8bd2f53-472x1024.jpg\" alt=\"\" class=\"wp-image-19294\" srcset=\"https:\/\/enlamira.info\/wp-content\/uploads\/2025\/10\/bd232979-7fb7-4fc7-a82f-72f3c8bd2f53-472x1024.jpg 472w, https:\/\/enlamira.info\/wp-content\/uploads\/2025\/10\/bd232979-7fb7-4fc7-a82f-72f3c8bd2f53-138x300.jpg 138w, https:\/\/enlamira.info\/wp-content\/uploads\/2025\/10\/bd232979-7fb7-4fc7-a82f-72f3c8bd2f53.jpg 590w\" sizes=\"(max-width: 472px) 100vw, 472px\" \/><\/figure>\n\n\n\n<p>El reclamo se suma a una lista de denuncias vecinales en Avellaneda por falta de control municipal. Los vecinos exigen una respuesta urgente del municipio y del ferrocarril: <strong>ordenar el espacio p\u00fablico, retirar autos y escombros de las v\u00edas y garantizar seguridad antes de que ocurra una nueva tragedia<\/strong>.<\/p>\n\n\n\n<figure class=\"wp-block-embed is-type-video is-provider-youtube wp-block-embed-youtube wp-embed-aspect-16-9 wp-has-aspect-ratio\"><div class=\"wp-block-embed__wrapper\">\n<iframe loading=\"lazy\" title=\"Entrevista: Guillermo Vecino de (Crucecita - Avellaneda) Reclamo por el estado del cruce de vias.\" width=\"640\" height=\"360\" src=\"https:\/\/www.youtube.com\/embed\/oG7ZHKd29qw?feature=oembed\" frameborder=\"0\" allow=\"accelerometer; autoplay; clipboard-write; encrypted-media; gyroscope; picture-in-picture; web-share\" referrerpolicy=\"strict-origin-when-cross-origin\" allowfullscreen><\/iframe>\n<\/div><\/figure>\n","protected":false},"excerpt":{"rendered":"<p>Vecinos de Roca y 12 de Octubre denuncian que, pese a que el municipio hizo obras de embellecimiento, la zona volvi\u00f3 a quedar abandonada. Autos estacionados en las v\u00edas, escombros y una plaza infantil al lado de un ramal activo generan un peligro constante. Reclaman intervenci\u00f3n urgente de la municipalidad y del ferrocarril antes de [&hellip;]<\/p>\n","protected":false},"author":4,"featured_media":19293,"comment_status":"open","ping_status":"open","sticky":false,"template":"","format":"standard","meta":{"footnotes":""},"categories":[1,34],"tags":[],"_links":{"self":[{"href":"https:\/\/enlamira.info\/index.php\/wp-json\/wp\/v2\/posts\/19288"}],"collection":[{"href":"https:\/\/enlamira.info\/index.php\/wp-json\/wp\/v2\/posts"}],"about":[{"href":"https:\/\/enlamira.info\/index.php\/wp-json\/wp\/v2\/types\/post"}],"author":[{"embeddable":true,"href":"https:\/\/enlamira.info\/index.php\/wp-json\/wp\/v2\/users\/4"}],"replies":[{"embeddable":true,"href":"https:\/\/enlamira.info\/index.php\/wp-json\/wp\/v2\/comments?post=19288"}],"version-history":[{"count":1,"href":"https:\/\/enlamira.info\/index.php\/wp-json\/wp\/v2\/posts\/19288\/revisions"}],"predecessor-version":[{"id":19295,"href":"https:\/\/enlamira.info\/index.php\/wp-json\/wp\/v2\/posts\/19288\/revisions\/19295"}],"wp:featuredmedia":[{"embeddable":true,"href":"https:\/\/enlamira.info\/index.php\/wp-json\/wp\/v2\/media\/19293"}],"wp:attachment":[{"href":"https:\/\/enlamira.info\/index.php\/wp-json\/wp\/v2\/media?parent=19288"}],"wp:term":[{"taxonomy":"category","embeddable":true,"href":"https:\/\/enlamira.info\/index.php\/wp-json\/wp\/v2\/categories?post=19288"},{"taxonomy":"post_tag","embeddable":true,"href":"https:\/\/enlamira.info\/index.php\/wp-json\/wp\/v2\/tags?post=19288"}],"curies":[{"name":"wp","href":"https:\/\/api.w.org\/{rel}","templated":true}]}}