{"id":19237,"date":"2025-09-30T15:23:21","date_gmt":"2025-09-30T18:23:21","guid":{"rendered":"https:\/\/enlamira.info\/?p=19237"},"modified":"2025-09-30T15:23:21","modified_gmt":"2025-09-30T18:23:21","slug":"avellaneda-vecinos-denuncian-intento-de-ocupacion-y-acoso-por-parte-de-trieco","status":"publish","type":"post","link":"https:\/\/enlamira.info\/index.php\/2025\/09\/30\/avellaneda-vecinos-denuncian-intento-de-ocupacion-y-acoso-por-parte-de-trieco\/","title":{"rendered":"Avellaneda: Vecinos denuncian intento de ocupaci\u00f3n y acoso por parte de Trieco"},"content":{"rendered":"\n<p>En los \u00faltimos d\u00edas, la empresa <strong>Trieco<\/strong>, conocida por sus problemas ambientales en Avellaneda, volvi\u00f3 a estar en el centro de la pol\u00e9mica. Esta vez, los hechos trascendieron la contaminaci\u00f3n: seg\u00fan denuncian los vecinos, la empresa intent\u00f3 ingresar ilegalmente a una propiedad privada, en un hecho que mantiene en vilo a la comunidad.<\/p>\n\n\n\n<p>Los afectados son <strong>Mar\u00eda Ducs<\/strong> y su esposo <strong>Daniel Retamosa<\/strong>, quienes viven en la zona desde hace m\u00e1s de tres generaciones. Trieco se instal\u00f3 en el lugar en 1993, y desde entonces, los vecinos han realizado m\u00faltiples denuncias ante organismos oficiales por contaminaci\u00f3n ambiental.<\/p>\n\n\n\n<p>El pasado jueves y viernes se registraron incidentes graves: personal de Trieco, incluyendo un empleado identificado como <strong>Diego Ar\u00e9valo<\/strong>, intent\u00f3 ingresar al terreno de la familia, rompiendo cadenas y candados, mientras otro individuo filmaba la situaci\u00f3n desde una camioneta. Seg\u00fan relata el <strong>Dr. Juan G\u00f3mez<\/strong>, abogado de la familia:<\/p>\n\n\n\n<blockquote class=\"wp-block-quote\">\n<p>\u201cIngresaron a la finca y tuvieron que retroceder solo ante nuestra presencia y la de la polic\u00eda provincial. La familia Retamosa-Ducs posee esta propiedad desde hace m\u00e1s de 50 a\u00f1os, con pleno derecho posesorio.\u201d<\/p>\n<\/blockquote>\n\n\n\n<p>El procedimiento fue acompa\u00f1ado por la polic\u00eda, aunque de manera irregular: no se identificaron como miembros de la fuerza, no mostraron \u00f3rdenes judiciales claras y actuaron de manera prepotente. Adem\u00e1s, la semana pasada, <strong>Daniel Retamosa fue detenido por 48 horas<\/strong>, en un procedimiento calificado por el abogado como \u201ctotalmente irregular\u201d, vinculado a denuncias impulsadas por Trieco y supuestamente por delitos ambientales.<\/p>\n\n\n\n<p>El Dr. G\u00f3mez confirm\u00f3 que se presentaron <strong>denuncias ante Fiscal\u00eda y Asuntos Internos de la Polic\u00eda Federal<\/strong>, tanto por la turbaci\u00f3n de la posesi\u00f3n como por da\u00f1os al port\u00f3n de la propiedad, buscando responsabilizar a los responsables de este accionar mafioso.<\/p>\n\n\n\n<figure class=\"wp-block-video\"><video controls src=\"https:\/\/enlamira.info\/wp-content\/uploads\/2025\/09\/WhatsApp-Video-2025-09-29-at-22.29.08.mp4\"><\/video><\/figure>\n\n\n\n<p>Mar\u00eda Ducs, con m\u00e1s de <strong>450 denuncias ante distintos organismos oficiales<\/strong>, sigue denunciando la contaminaci\u00f3n de Trieco y las acciones intimidatorias contra su familia. El caso evidencia no solo la persistente contaminaci\u00f3n de la empresa, sino tambi\u00e9n el hostigamiento sistem\u00e1tico a los vecinos que denuncian irregularidades.<\/p>\n\n\n\n<blockquote class=\"wp-block-quote\">\n<p>\u201cTrieco compra impunidad y aprieta a los vecinos. Esperamos que la justicia act\u00fae, tanto frente a este intento de ocupaci\u00f3n como frente a las casi mil denuncias acumuladas contra la empresa,\u201d concluy\u00f3 Marcelo Brunual.<\/p>\n<\/blockquote>\n\n\n\n<p>La comunidad de Avellaneda observa con atenci\u00f3n este caso, esperando que los derechos de los vecinos y la protecci\u00f3n ambiental prevalezcan sobre la presi\u00f3n y el abuso de poder de la empresa.<\/p>\n\n\n\n<figure class=\"wp-block-embed is-type-video is-provider-youtube wp-block-embed-youtube wp-embed-aspect-16-9 wp-has-aspect-ratio\"><div class=\"wp-block-embed__wrapper\">\n<iframe loading=\"lazy\" title=\"Entrevista: Dr. Juan Gomez, Nueva y grave denuncia contra la Empresa TRIECO (Avellaneda)\" width=\"640\" height=\"360\" src=\"https:\/\/www.youtube.com\/embed\/-LDBAnNg2R4?feature=oembed\" frameborder=\"0\" allow=\"accelerometer; autoplay; clipboard-write; encrypted-media; gyroscope; picture-in-picture; web-share\" referrerpolicy=\"strict-origin-when-cross-origin\" allowfullscreen><\/iframe>\n<\/div><\/figure>\n","protected":false},"excerpt":{"rendered":"<p>En los \u00faltimos d\u00edas, la empresa Trieco, conocida por sus problemas ambientales en Avellaneda, volvi\u00f3 a estar en el centro de la pol\u00e9mica. Esta vez, los hechos trascendieron la contaminaci\u00f3n: seg\u00fan denuncian los vecinos, la empresa intent\u00f3 ingresar ilegalmente a una propiedad privada, en un hecho que mantiene en vilo a la comunidad. Los afectados [&hellip;]<\/p>\n","protected":false},"author":4,"featured_media":19245,"comment_status":"open","ping_status":"open","sticky":false,"template":"","format":"standard","meta":{"footnotes":""},"categories":[8,126,32,20,34],"tags":[],"_links":{"self":[{"href":"https:\/\/enlamira.info\/index.php\/wp-json\/wp\/v2\/posts\/19237"}],"collection":[{"href":"https:\/\/enlamira.info\/index.php\/wp-json\/wp\/v2\/posts"}],"about":[{"href":"https:\/\/enlamira.info\/index.php\/wp-json\/wp\/v2\/types\/post"}],"author":[{"embeddable":true,"href":"https:\/\/enlamira.info\/index.php\/wp-json\/wp\/v2\/users\/4"}],"replies":[{"embeddable":true,"href":"https:\/\/enlamira.info\/index.php\/wp-json\/wp\/v2\/comments?post=19237"}],"version-history":[{"count":1,"href":"https:\/\/enlamira.info\/index.php\/wp-json\/wp\/v2\/posts\/19237\/revisions"}],"predecessor-version":[{"id":19246,"href":"https:\/\/enlamira.info\/index.php\/wp-json\/wp\/v2\/posts\/19237\/revisions\/19246"}],"wp:featuredmedia":[{"embeddable":true,"href":"https:\/\/enlamira.info\/index.php\/wp-json\/wp\/v2\/media\/19245"}],"wp:attachment":[{"href":"https:\/\/enlamira.info\/index.php\/wp-json\/wp\/v2\/media?parent=19237"}],"wp:term":[{"taxonomy":"category","embeddable":true,"href":"https:\/\/enlamira.info\/index.php\/wp-json\/wp\/v2\/categories?post=19237"},{"taxonomy":"post_tag","embeddable":true,"href":"https:\/\/enlamira.info\/index.php\/wp-json\/wp\/v2\/tags?post=19237"}],"curies":[{"name":"wp","href":"https:\/\/api.w.org\/{rel}","templated":true}]}}