{"id":19209,"date":"2025-09-29T07:59:23","date_gmt":"2025-09-29T10:59:23","guid":{"rendered":"https:\/\/enlamira.info\/?p=19209"},"modified":"2025-09-29T07:59:23","modified_gmt":"2025-09-29T10:59:23","slug":"mayra-mendoza-creo-en-el-poder-de-nuestro-pueblo-mas-que-en-cualquier-otra-cosa-y-tenemos-que-demostrarlo-con-conciencia-politica","status":"publish","type":"post","link":"https:\/\/enlamira.info\/index.php\/2025\/09\/29\/mayra-mendoza-creo-en-el-poder-de-nuestro-pueblo-mas-que-en-cualquier-otra-cosa-y-tenemos-que-demostrarlo-con-conciencia-politica\/","title":{"rendered":"Mayra Mendoza: &#8220;Creo en el poder de nuestro pueblo m\u00e1s que en cualquier otra cosa, y tenemos que demostrarlo con conciencia pol\u00edtica&#8221;"},"content":{"rendered":"\n<p>La intendenta de Quilmes, Mayra Mendoza, encabez\u00f3 este domingo el desfile c\u00edvico y tradicionalista por el 74\u00b0 aniversario del barrio La Paz, de Quilmes Oeste, que tuvo lugar en las avenidas presidente N\u00e9stor Kirchner (ex Santa Fe) y Eva Per\u00f3n (892), con la presencia de cientos de vecinos y vecinas. En ese marco, se realiza una nueva edici\u00f3n del festival \u201cSomos Quilmes\u201d, en el escenario montado en la avenida Kirchner y 893, con shows musicales totalmente gratuitos y ferias, y que cerca de las 22, tendr\u00e1 el cierre estelar de la banda de cumbia El Mago y La Nueva.<\/p>\n\n\n\n<p>\u201cEstos a\u00f1os de historia muestran un gran trabajo de organizaci\u00f3n de la comunidad de este gran La Paz y, sobre todo, de las mujeres de este lugar tan querido por nosotros, por los proyectos pol\u00edticos que buscan justicia social y dignidad para nuestro pueblo, que son los que los vecinos y vecinas de La Paz reconocen profundamente\u201d, se\u00f1al\u00f3 Mayra, acompa\u00f1ada por integrantes del Gabinete Municipal y concejales.<\/p>\n\n\n\n<p>\u201cAs\u00ed ha sucedido el 7 de septiembre y volver\u00e1 a pasar en las elecciones del 26 de octubre. Porque el pueblo de La Paz reconoce a las personas que trabajan por el progreso de estos barrios, y que tambi\u00e9n les da su merecido en las urnas y tiene conciencia a los que dejan abandonadas obras como, por ejemplo, Quilmes TEC, ese edificio educativo tecnol\u00f3gico que el Gobierno Nacional dej\u00f3 abandonado en el predio de PROMEBA que todos conocen\u201d, expres\u00f3.<\/p>\n\n\n\n<p>Y en esa l\u00ednea, anunci\u00f3: \u201cVamos a hacer un esfuerzo enorme para que, dentro de los compromisos de gesti\u00f3n del 2025 al 2027, y con fondos municipales, podamos nosotros, ustedes, toda la comunidad de Quilmes, terminar con fondos propios lo que Milei dej\u00f3 abandonado. Ese edificio es de la comunidad y con el esfuerzo, el sacrificio de todos y con una buena administraci\u00f3n del Municipio de una gesti\u00f3n peronista, vamos a terminar el edificio educativo tecnol\u00f3gico para este gran La Paz\u201d<\/p>\n\n\n\n<p>Luego de agradecer el cari\u00f1o, la participaci\u00f3n y el compromiso de las y los vecinos, Mayra resalt\u00f3: \u201cQue esta esquina de Eva Per\u00f3n y N\u00e9stor Kirchner sea siempre un punto de encuentro para poder seguir pensando en c\u00f3mo nos organizamos para crecer, progresar y seguir pidiendo por la libertad de Cristina, nuestra querida presidenta de corazones, porque es inocente, que injustamente est\u00e1 secuestrada por el poder de la Argentina. Pero hay que demostrarle a ese poder real que se creen due\u00f1os de nuestras vidas, que nos siguen endeudando con el FMI y quit\u00e1ndole el futuro a nuestros ni\u00f1os, que hay un poder m\u00e1s fuerte y m\u00e1s importante que es el del coraz\u00f3n, el del pensamiento y el de la acci\u00f3n de nuestro pueblo organizado\u201d.<\/p>\n\n\n\n<p>Y afirm\u00f3: \u201cCreo en el poder de nuestro pueblo m\u00e1s que en cualquier otra cosa, y tenemos que demostrarlo con conciencia pol\u00edtica, pac\u00edficamente y en un acto democr\u00e1tico el 26 de octubre, volviendo a votar a Fuerza Patria que es la \u00fanica fuerza que le va a poner un freno a Milei en el Congreso Nacional\u201d.<\/p>\n\n\n\n<p>Por la tarde, Mayra recorri\u00f3 los stands de la feria de emprendedores y gastron\u00f3mica que se emplaz\u00f3 sobre la avenida Kirchner entre Eva Per\u00f3n y 892, donde dialog\u00f3 con comerciantes y vecinos.<\/p>\n\n\n\n<p>A su vez, a la espera del cierre de El Mago y La Nueva, se lleva adelante la presentaci\u00f3n de la murga Los Duendes del Sur; DJ Kosme; Los Nuevos So\u00f1adores; Las Voces del Quimil; Canto Sur; H1mura; Sudestada; La Planaria; Descarga a Tierra; Surkalla; Moscas Verdes; La 970; Willy y Los Bebe\u2019s Tropicales; L@ 22; MT &amp; LBDM, y La Nueva Fuerza.<\/p>\n\n\n\n<p>Cabe destacar que el evento es organizado conjuntamente entre el Municipio de Quilmes y la Comisi\u00f3n de Festejos del Barrio La Paz y se implementan los correspondientes protocolos de seguridad, fiscalizaci\u00f3n y limpieza.<\/p>\n","protected":false},"excerpt":{"rendered":"<p>La intendenta de Quilmes, Mayra Mendoza, encabez\u00f3 este domingo el desfile c\u00edvico y tradicionalista por el 74\u00b0 aniversario del barrio La Paz, de Quilmes Oeste, que tuvo lugar en las avenidas presidente N\u00e9stor Kirchner (ex Santa Fe) y Eva Per\u00f3n (892), con la presencia de cientos de vecinos y vecinas. En ese marco, se realiza [&hellip;]<\/p>\n","protected":false},"author":4,"featured_media":19211,"comment_status":"open","ping_status":"open","sticky":false,"template":"","format":"standard","meta":{"footnotes":""},"categories":[1],"tags":[28,2006,443],"_links":{"self":[{"href":"https:\/\/enlamira.info\/index.php\/wp-json\/wp\/v2\/posts\/19209"}],"collection":[{"href":"https:\/\/enlamira.info\/index.php\/wp-json\/wp\/v2\/posts"}],"about":[{"href":"https:\/\/enlamira.info\/index.php\/wp-json\/wp\/v2\/types\/post"}],"author":[{"embeddable":true,"href":"https:\/\/enlamira.info\/index.php\/wp-json\/wp\/v2\/users\/4"}],"replies":[{"embeddable":true,"href":"https:\/\/enlamira.info\/index.php\/wp-json\/wp\/v2\/comments?post=19209"}],"version-history":[{"count":1,"href":"https:\/\/enlamira.info\/index.php\/wp-json\/wp\/v2\/posts\/19209\/revisions"}],"predecessor-version":[{"id":19212,"href":"https:\/\/enlamira.info\/index.php\/wp-json\/wp\/v2\/posts\/19209\/revisions\/19212"}],"wp:featuredmedia":[{"embeddable":true,"href":"https:\/\/enlamira.info\/index.php\/wp-json\/wp\/v2\/media\/19211"}],"wp:attachment":[{"href":"https:\/\/enlamira.info\/index.php\/wp-json\/wp\/v2\/media?parent=19209"}],"wp:term":[{"taxonomy":"category","embeddable":true,"href":"https:\/\/enlamira.info\/index.php\/wp-json\/wp\/v2\/categories?post=19209"},{"taxonomy":"post_tag","embeddable":true,"href":"https:\/\/enlamira.info\/index.php\/wp-json\/wp\/v2\/tags?post=19209"}],"curies":[{"name":"wp","href":"https:\/\/api.w.org\/{rel}","templated":true}]}}