{"id":19119,"date":"2025-09-24T13:40:01","date_gmt":"2025-09-24T16:40:01","guid":{"rendered":"https:\/\/enlamira.info\/?p=19119"},"modified":"2025-09-24T13:40:01","modified_gmt":"2025-09-24T16:40:01","slug":"grave-denuncia-un-jubilado-con-alzheimer-espera-panales-del-pami-desde-hace-dos-meses","status":"publish","type":"post","link":"https:\/\/enlamira.info\/index.php\/2025\/09\/24\/grave-denuncia-un-jubilado-con-alzheimer-espera-panales-del-pami-desde-hace-dos-meses\/","title":{"rendered":"Grave denuncia: un jubilado con Alzheimer espera pa\u00f1ales del PAMI desde hace dos meses"},"content":{"rendered":"\n<p>Una vecina de Isla Maciel, <strong>Marcela<\/strong>, denunci\u00f3 p\u00fablicamente la dram\u00e1tica situaci\u00f3n que atraviesa junto a su esposo, <strong>Miguel \u00c1ngel Mendoza<\/strong>, de 81 a\u00f1os, jubilado por PAMI y paciente con principios de Alzheimer y otras enfermedades.<\/p>\n\n\n\n<p>Seg\u00fan relat\u00f3, hace m\u00e1s de <strong>dos meses<\/strong> inici\u00f3 el tr\u00e1mite para recibir los pa\u00f1ales de adulto que su esposo necesita diariamente, pero hasta el momento no obtuvo ninguna respuesta. \u201cLlamo al 138 y me dicen que el pedido est\u00e1 cargado. Cuando fui personalmente a PAMI en Avellaneda, me dijeron que no figuraba. Volv\u00ed a iniciar el tr\u00e1mite el 2 de septiembre, pero a\u00fan no entregaron nada\u201d, explic\u00f3.<\/p>\n\n\n\n<p>Marcela asegura que, ante la falta de respuesta, debe comprar los pa\u00f1ales de manera particular, lo que representa un gasto mensual de <strong>m\u00e1s de 80.000 pesos<\/strong>, suma imposible de sostener para un matrimonio jubilado. \u201cMi marido necesita dos pa\u00f1ales por d\u00eda. No podemos esperar hasta octubre como me dijeron en la empresa proveedora. Es un derecho b\u00e1sico que no pueden vulnerar\u201d, sostuvo con indignaci\u00f3n.<\/p>\n\n\n\n<p>La vecina tambi\u00e9n denunci\u00f3 la <strong>falta de atenci\u00f3n adecuada en las oficinas de PAMI<\/strong>, donde asegura que los afiliados son maltratados y deben peregrinar de un lugar a otro sin obtener soluciones. \u201cEst\u00e1n vulnerando los derechos de los jubilados. A mi marido incluso le hab\u00edan cortado los remedios por tres meses, y se descompens\u00f3. Tuve que pelear para que se los devuelvan. Es una verg\u00fcenza\u201d, expres\u00f3.<\/p>\n\n\n\n<p>El caso expone nuevamente las falencias del sistema de provisi\u00f3n de insumos m\u00e9dicos del PAMI y el calvario que deben atravesar miles de jubilados y sus familias para acceder a elementos esenciales para su salud.<\/p>\n\n\n\n<p>\ud83d\udc49 <strong>Este medio se comunic\u00f3 con el titular de PAMI Avellaneda, Pascual Sanseverino, quien se comprometi\u00f3 a ocuparse personalmente del tema.<\/strong> En un mensaje de audio, la vecina confirm\u00f3 la buena predisposici\u00f3n del funcionario y anunci\u00f3 que en los pr\u00f3ximos d\u00edas volver\u00e1 a salir al aire para contar qu\u00e9 avances hubo en su caso.<\/p>\n\n\n\n<figure class=\"wp-block-embed is-type-video is-provider-youtube wp-block-embed-youtube wp-embed-aspect-16-9 wp-has-aspect-ratio\"><div class=\"wp-block-embed__wrapper\">\n<iframe loading=\"lazy\" title=\"Entrevista: Marcela (Vecina Isla Maciel - Avellaneda)\" width=\"640\" height=\"360\" src=\"https:\/\/www.youtube.com\/embed\/jpltIDd3WQE?feature=oembed\" frameborder=\"0\" allow=\"accelerometer; autoplay; clipboard-write; encrypted-media; gyroscope; picture-in-picture; web-share\" referrerpolicy=\"strict-origin-when-cross-origin\" allowfullscreen><\/iframe>\n<\/div><\/figure>\n","protected":false},"excerpt":{"rendered":"<p>Una vecina de Isla Maciel, Marcela, denunci\u00f3 p\u00fablicamente la dram\u00e1tica situaci\u00f3n que atraviesa junto a su esposo, Miguel \u00c1ngel Mendoza, de 81 a\u00f1os, jubilado por PAMI y paciente con principios de Alzheimer y otras enfermedades. Seg\u00fan relat\u00f3, hace m\u00e1s de dos meses inici\u00f3 el tr\u00e1mite para recibir los pa\u00f1ales de adulto que su esposo necesita [&hellip;]<\/p>\n","protected":false},"author":4,"featured_media":19123,"comment_status":"open","ping_status":"open","sticky":false,"template":"","format":"standard","meta":{"footnotes":""},"categories":[1,23,34],"tags":[],"_links":{"self":[{"href":"https:\/\/enlamira.info\/index.php\/wp-json\/wp\/v2\/posts\/19119"}],"collection":[{"href":"https:\/\/enlamira.info\/index.php\/wp-json\/wp\/v2\/posts"}],"about":[{"href":"https:\/\/enlamira.info\/index.php\/wp-json\/wp\/v2\/types\/post"}],"author":[{"embeddable":true,"href":"https:\/\/enlamira.info\/index.php\/wp-json\/wp\/v2\/users\/4"}],"replies":[{"embeddable":true,"href":"https:\/\/enlamira.info\/index.php\/wp-json\/wp\/v2\/comments?post=19119"}],"version-history":[{"count":1,"href":"https:\/\/enlamira.info\/index.php\/wp-json\/wp\/v2\/posts\/19119\/revisions"}],"predecessor-version":[{"id":19124,"href":"https:\/\/enlamira.info\/index.php\/wp-json\/wp\/v2\/posts\/19119\/revisions\/19124"}],"wp:featuredmedia":[{"embeddable":true,"href":"https:\/\/enlamira.info\/index.php\/wp-json\/wp\/v2\/media\/19123"}],"wp:attachment":[{"href":"https:\/\/enlamira.info\/index.php\/wp-json\/wp\/v2\/media?parent=19119"}],"wp:term":[{"taxonomy":"category","embeddable":true,"href":"https:\/\/enlamira.info\/index.php\/wp-json\/wp\/v2\/categories?post=19119"},{"taxonomy":"post_tag","embeddable":true,"href":"https:\/\/enlamira.info\/index.php\/wp-json\/wp\/v2\/tags?post=19119"}],"curies":[{"name":"wp","href":"https:\/\/api.w.org\/{rel}","templated":true}]}}