{"id":19102,"date":"2025-09-23T16:36:32","date_gmt":"2025-09-23T19:36:32","guid":{"rendered":"https:\/\/enlamira.info\/?p=19102"},"modified":"2025-09-23T16:36:32","modified_gmt":"2025-09-23T19:36:32","slug":"villa-tranquila-vecinos-denuncian-abandono-y-reclaman-obras-urgentes","status":"publish","type":"post","link":"https:\/\/enlamira.info\/index.php\/2025\/09\/23\/villa-tranquila-vecinos-denuncian-abandono-y-reclaman-obras-urgentes\/","title":{"rendered":"Villa Tranquila: vecinos denuncian abandono y reclaman obras urgentes"},"content":{"rendered":"\n<p>Familias enteras viven inundadas y sin servicios b\u00e1sicos; una vecina pide ayuda desesperada para cocinar y alimentar a su hijo.<\/p>\n\n\n\n<p><br>Ana, vecina de Villa Tranquila y colaboradora de un comedor comunitario, describe una situaci\u00f3n cr\u00edtica: vive en un sanj\u00f3n sin cloacas ni agua corriente, y cada lluvia transforma los pasillos de su barrio en aut\u00e9nticas piscinas. Su casa, construida con ayuda de vecinos, es precaria y vulnerable a cualquier tormenta.<\/p>\n\n\n\n<p>\u201cHace dos d\u00edas que mi hijo no come comida caliente\u201d, relata Ana con angustia. \u201cNo tengo d\u00f3nde cocinar; solo tengo dos camas y un pedazo de piso que pude hacer con lo poco que ten\u00eda. Dej\u00e9 su celular de lado para concentrarme en buscar una soluci\u00f3n, pero no hay forma\u201d. Su hijo de 12 a\u00f1os, con tercer grado de discapacidad, sufre especialmente estas condiciones, mientras el agua estancada y la falta de saneamiento generan riesgos sanitarios graves.<\/p>\n\n\n\n<p>A pesar de la reciente visita del intendente Ferraresi a algunas calles principales, Ana denuncia que <strong>los sectores m\u00e1s vulnerables fueron ignorados<\/strong>. Su reclamo incluye la instalaci\u00f3n urgente de un ca\u00f1o de desag\u00fce que permita evacuar el agua acumulada, as\u00ed como la provisi\u00f3n inmediata de una cocina el\u00e9ctrica para poder alimentar a su hijo.<\/p>\n\n\n\n<p>Quien pueda colaborar con una cocina el\u00e9ctrica puede comunicarse directamente con Ana al tel\u00e9fono <strong>11 2786 024<\/strong>. \u201cNo pido lujos, solo lo m\u00ednimo para que mi hijo coma algo caliente y no se enferme\u201d, afirma.<\/p>\n\n\n\n<p>La situaci\u00f3n refleja la desconexi\u00f3n entre la gesti\u00f3n municipal y la realidad de los barrios perif\u00e9ricos, donde vecinos luchan por necesidades b\u00e1sicas que podr\u00edan resolverse r\u00e1pidamente si hubiera voluntad pol\u00edtica y ejecuci\u00f3n de obras.<\/p>\n\n\n\n<figure class=\"wp-block-embed is-type-video is-provider-youtube wp-block-embed-youtube wp-embed-aspect-16-9 wp-has-aspect-ratio\"><div class=\"wp-block-embed__wrapper\">\n<iframe loading=\"lazy\" title=\"Entrevista: Ana Rosa (Villa Tranquila - Avellaneda)\" width=\"640\" height=\"360\" src=\"https:\/\/www.youtube.com\/embed\/O5gBW6pvOLM?feature=oembed\" frameborder=\"0\" allow=\"accelerometer; autoplay; clipboard-write; encrypted-media; gyroscope; picture-in-picture; web-share\" referrerpolicy=\"strict-origin-when-cross-origin\" allowfullscreen><\/iframe>\n<\/div><\/figure>\n","protected":false},"excerpt":{"rendered":"<p>Familias enteras viven inundadas y sin servicios b\u00e1sicos; una vecina pide ayuda desesperada para cocinar y alimentar a su hijo. Ana, vecina de Villa Tranquila y colaboradora de un comedor comunitario, describe una situaci\u00f3n cr\u00edtica: vive en un sanj\u00f3n sin cloacas ni agua corriente, y cada lluvia transforma los pasillos de su barrio en aut\u00e9nticas [&hellip;]<\/p>\n","protected":false},"author":4,"featured_media":19117,"comment_status":"open","ping_status":"open","sticky":false,"template":"","format":"standard","meta":{"footnotes":""},"categories":[1,23,34],"tags":[],"_links":{"self":[{"href":"https:\/\/enlamira.info\/index.php\/wp-json\/wp\/v2\/posts\/19102"}],"collection":[{"href":"https:\/\/enlamira.info\/index.php\/wp-json\/wp\/v2\/posts"}],"about":[{"href":"https:\/\/enlamira.info\/index.php\/wp-json\/wp\/v2\/types\/post"}],"author":[{"embeddable":true,"href":"https:\/\/enlamira.info\/index.php\/wp-json\/wp\/v2\/users\/4"}],"replies":[{"embeddable":true,"href":"https:\/\/enlamira.info\/index.php\/wp-json\/wp\/v2\/comments?post=19102"}],"version-history":[{"count":1,"href":"https:\/\/enlamira.info\/index.php\/wp-json\/wp\/v2\/posts\/19102\/revisions"}],"predecessor-version":[{"id":19118,"href":"https:\/\/enlamira.info\/index.php\/wp-json\/wp\/v2\/posts\/19102\/revisions\/19118"}],"wp:featuredmedia":[{"embeddable":true,"href":"https:\/\/enlamira.info\/index.php\/wp-json\/wp\/v2\/media\/19117"}],"wp:attachment":[{"href":"https:\/\/enlamira.info\/index.php\/wp-json\/wp\/v2\/media?parent=19102"}],"wp:term":[{"taxonomy":"category","embeddable":true,"href":"https:\/\/enlamira.info\/index.php\/wp-json\/wp\/v2\/categories?post=19102"},{"taxonomy":"post_tag","embeddable":true,"href":"https:\/\/enlamira.info\/index.php\/wp-json\/wp\/v2\/tags?post=19102"}],"curies":[{"name":"wp","href":"https:\/\/api.w.org\/{rel}","templated":true}]}}