{"id":19101,"date":"2025-09-23T16:21:09","date_gmt":"2025-09-23T19:21:09","guid":{"rendered":"https:\/\/enlamira.info\/?p=19101"},"modified":"2025-09-23T16:21:09","modified_gmt":"2025-09-23T19:21:09","slug":"y-todo-a-media-luz-vecinos-denuncian-falta-de-luminaria-en-villa-dominico","status":"publish","type":"post","link":"https:\/\/enlamira.info\/index.php\/2025\/09\/23\/y-todo-a-media-luz-vecinos-denuncian-falta-de-luminaria-en-villa-dominico\/","title":{"rendered":"y todo a media luz&#8230;Vecinos denuncian falta de luminaria en Villa Dom\u00ednico"},"content":{"rendered":"\n<p>La ciudad de Avellaneda enfrenta nuevamente reclamos de vecinos por problemas cotidianos que permanecen irresueltos pese a los reiterados pedidos de atenci\u00f3n municipal. Entre ellos, la falta de luminarias, basura acumulada y sem\u00e1foros fuera de servicio siguen siendo un motivo de preocupaci\u00f3n constante.<\/p>\n\n\n\n<figure class=\"wp-block-image size-large\"><img loading=\"lazy\" decoding=\"async\" width=\"459\" height=\"1024\" src=\"https:\/\/enlamira.info\/wp-content\/uploads\/2025\/09\/75623ed9-9556-4391-ba51-646521dc558f-459x1024.jpg\" alt=\"\" class=\"wp-image-19112\" srcset=\"https:\/\/enlamira.info\/wp-content\/uploads\/2025\/09\/75623ed9-9556-4391-ba51-646521dc558f-459x1024.jpg 459w, https:\/\/enlamira.info\/wp-content\/uploads\/2025\/09\/75623ed9-9556-4391-ba51-646521dc558f-134x300.jpg 134w, https:\/\/enlamira.info\/wp-content\/uploads\/2025\/09\/75623ed9-9556-4391-ba51-646521dc558f-688x1536.jpg 688w, https:\/\/enlamira.info\/wp-content\/uploads\/2025\/09\/75623ed9-9556-4391-ba51-646521dc558f.jpg 717w\" sizes=\"(max-width: 459px) 100vw, 459px\" \/><\/figure>\n\n\n\n<p>Virginia, vecina del barrio San Cayetano, en Villa Dom\u00ednico, denunci\u00f3 que en su pasaje, 26 de julio, <strong>tres postes permanecen sin luz desde hace m\u00e1s de un a\u00f1o y medio<\/strong>. A pesar de haber realizado reclamos formales ante la Municipalidad, el estado del expediente figura como \u201csolucionado\u201d, aunque en la pr\u00e1ctica <strong>ninguna de las l\u00e1mparas ha sido reemplazada<\/strong>. \u201cEs una falta de respeto hacia los vecinos. La calle est\u00e1 completamente a oscuras, y esto representa un peligro\u201d, asegur\u00f3 la vecina.<\/p>\n\n\n\n<p>El reclamo fue registrado en el Centro de Atenci\u00f3n al Vecino con fecha 16 de septiembre de 2025, bajo el n\u00famero 680.169, y estaba clasificado como <strong>urgente<\/strong>. La oficina responsable de Alumbrado P\u00fablico figura como responsable, y el tiempo estimado de resoluci\u00f3n era de cinco d\u00edas. Sin embargo, <strong>la falta de control y seguimiento genera que los problemas persistan<\/strong>, dejando a los residentes en riesgo cada noche.<\/p>\n\n\n\n<figure class=\"wp-block-image size-large\"><img loading=\"lazy\" decoding=\"async\" width=\"622\" height=\"1024\" src=\"https:\/\/enlamira.info\/wp-content\/uploads\/2025\/09\/7e41cb70-f5ca-41d4-bbd7-a2e0ef074d63-622x1024.jpg\" alt=\"\" class=\"wp-image-19113\" srcset=\"https:\/\/enlamira.info\/wp-content\/uploads\/2025\/09\/7e41cb70-f5ca-41d4-bbd7-a2e0ef074d63-622x1024.jpg 622w, https:\/\/enlamira.info\/wp-content\/uploads\/2025\/09\/7e41cb70-f5ca-41d4-bbd7-a2e0ef074d63-182x300.jpg 182w, https:\/\/enlamira.info\/wp-content\/uploads\/2025\/09\/7e41cb70-f5ca-41d4-bbd7-a2e0ef074d63-768x1264.jpg 768w, https:\/\/enlamira.info\/wp-content\/uploads\/2025\/09\/7e41cb70-f5ca-41d4-bbd7-a2e0ef074d63-933x1536.jpg 933w, https:\/\/enlamira.info\/wp-content\/uploads\/2025\/09\/7e41cb70-f5ca-41d4-bbd7-a2e0ef074d63.jpg 972w\" sizes=\"(max-width: 622px) 100vw, 622px\" \/><\/figure>\n\n\n\n<p>Los vecinos denuncian que, adem\u00e1s de la ausencia de iluminaci\u00f3n, la gesti\u00f3n municipal <strong>no ofrece soluciones reales ni respuestas coherentes<\/strong>, y que la informaci\u00f3n en los sistemas oficiales muchas veces no refleja la realidad en el terreno. La comunidad exige intervenci\u00f3n inmediata para garantizar la seguridad y el cumplimiento de los servicios p\u00fablicos que se financian con tasas y contribuciones ciudadanas.<\/p>\n\n\n\n<figure class=\"wp-block-embed is-type-video is-provider-youtube wp-block-embed-youtube wp-embed-aspect-16-9 wp-has-aspect-ratio\"><div class=\"wp-block-embed__wrapper\">\n<iframe loading=\"lazy\" title=\"Entrevista: Virginia vecina de Villa Dominico denuncia falta de Luminaria.\" width=\"640\" height=\"360\" src=\"https:\/\/www.youtube.com\/embed\/1h591U2vcsI?feature=oembed\" frameborder=\"0\" allow=\"accelerometer; autoplay; clipboard-write; encrypted-media; gyroscope; picture-in-picture; web-share\" referrerpolicy=\"strict-origin-when-cross-origin\" allowfullscreen><\/iframe>\n<\/div><\/figure>\n","protected":false},"excerpt":{"rendered":"<p>La ciudad de Avellaneda enfrenta nuevamente reclamos de vecinos por problemas cotidianos que permanecen irresueltos pese a los reiterados pedidos de atenci\u00f3n municipal. Entre ellos, la falta de luminarias, basura acumulada y sem\u00e1foros fuera de servicio siguen siendo un motivo de preocupaci\u00f3n constante. Virginia, vecina del barrio San Cayetano, en Villa Dom\u00ednico, denunci\u00f3 que en [&hellip;]<\/p>\n","protected":false},"author":4,"featured_media":19114,"comment_status":"open","ping_status":"open","sticky":false,"template":"","format":"standard","meta":{"footnotes":""},"categories":[1,34],"tags":[],"_links":{"self":[{"href":"https:\/\/enlamira.info\/index.php\/wp-json\/wp\/v2\/posts\/19101"}],"collection":[{"href":"https:\/\/enlamira.info\/index.php\/wp-json\/wp\/v2\/posts"}],"about":[{"href":"https:\/\/enlamira.info\/index.php\/wp-json\/wp\/v2\/types\/post"}],"author":[{"embeddable":true,"href":"https:\/\/enlamira.info\/index.php\/wp-json\/wp\/v2\/users\/4"}],"replies":[{"embeddable":true,"href":"https:\/\/enlamira.info\/index.php\/wp-json\/wp\/v2\/comments?post=19101"}],"version-history":[{"count":1,"href":"https:\/\/enlamira.info\/index.php\/wp-json\/wp\/v2\/posts\/19101\/revisions"}],"predecessor-version":[{"id":19115,"href":"https:\/\/enlamira.info\/index.php\/wp-json\/wp\/v2\/posts\/19101\/revisions\/19115"}],"wp:featuredmedia":[{"embeddable":true,"href":"https:\/\/enlamira.info\/index.php\/wp-json\/wp\/v2\/media\/19114"}],"wp:attachment":[{"href":"https:\/\/enlamira.info\/index.php\/wp-json\/wp\/v2\/media?parent=19101"}],"wp:term":[{"taxonomy":"category","embeddable":true,"href":"https:\/\/enlamira.info\/index.php\/wp-json\/wp\/v2\/categories?post=19101"},{"taxonomy":"post_tag","embeddable":true,"href":"https:\/\/enlamira.info\/index.php\/wp-json\/wp\/v2\/tags?post=19101"}],"curies":[{"name":"wp","href":"https:\/\/api.w.org\/{rel}","templated":true}]}}