{"id":19100,"date":"2025-09-23T16:12:59","date_gmt":"2025-09-23T19:12:59","guid":{"rendered":"https:\/\/enlamira.info\/?p=19100"},"modified":"2025-09-23T16:25:30","modified_gmt":"2025-09-23T19:25:30","slug":"nicolas-esturla-asumio-la-presidencia-de-la-juventud-pro-en-avellaneda","status":"publish","type":"post","link":"https:\/\/enlamira.info\/index.php\/2025\/09\/23\/nicolas-esturla-asumio-la-presidencia-de-la-juventud-pro-en-avellaneda\/","title":{"rendered":"Nicol\u00e1s Sturla asumi\u00f3 la presidencia de la Juventud PRO en Avellaneda"},"content":{"rendered":"\n<h3 class=\"wp-block-heading\">\u201cQueremos recuperar la participaci\u00f3n juvenil en la pol\u00edtica local con responsabilidad y compromiso\u201d<\/h3>\n\n\n\n<p>La pol\u00edtica juvenil de Avellaneda suma una nueva conducci\u00f3n. <strong>Nicol\u00e1s Sturla<\/strong> fue electo como presidente de la <strong>Juventud PRO<\/strong> y dialog\u00f3 en el programa <em>La Voz del Vecino<\/em>, conducido por Marcelo Brunwald, donde explic\u00f3 los desaf\u00edos de esta etapa y marc\u00f3 la diferencia con La Libertad Avanza, con quienes compartieron boleta en la \u00faltima elecci\u00f3n.<\/p>\n\n\n\n<p>Sturla aclar\u00f3 que el PRO mantiene su identidad como partido, aunque haya conformado una alianza electoral:<\/p>\n\n\n\n<blockquote class=\"wp-block-quote\">\n<p>\u201cEl PRO es un partido aut\u00f3nomo, no hubo una fusi\u00f3n con La Libertad Avanza. Se trat\u00f3 de una alianza electoral, como sucedi\u00f3 a\u00f1os atr\u00e1s con Cambiemos\u201d.<\/p>\n<\/blockquote>\n\n\n\n<figure class=\"wp-block-image size-large\"><img loading=\"lazy\" decoding=\"async\" width=\"1024\" height=\"728\" src=\"https:\/\/enlamira.info\/wp-content\/uploads\/2025\/09\/a5a33110-b128-4dc5-a075-dac0fb020ede-1024x728.jpg\" alt=\"\" class=\"wp-image-19110\" srcset=\"https:\/\/enlamira.info\/wp-content\/uploads\/2025\/09\/a5a33110-b128-4dc5-a075-dac0fb020ede-1024x728.jpg 1024w, https:\/\/enlamira.info\/wp-content\/uploads\/2025\/09\/a5a33110-b128-4dc5-a075-dac0fb020ede-300x213.jpg 300w, https:\/\/enlamira.info\/wp-content\/uploads\/2025\/09\/a5a33110-b128-4dc5-a075-dac0fb020ede-768x546.jpg 768w, https:\/\/enlamira.info\/wp-content\/uploads\/2025\/09\/a5a33110-b128-4dc5-a075-dac0fb020ede-1536x1092.jpg 1536w, https:\/\/enlamira.info\/wp-content\/uploads\/2025\/09\/a5a33110-b128-4dc5-a075-dac0fb020ede.jpg 1600w\" sizes=\"(max-width: 1024px) 100vw, 1024px\" \/><\/figure>\n\n\n\n<h3 class=\"wp-block-heading\">Una nueva mesa de conducci\u00f3n<\/h3>\n\n\n\n<p>El flamante presidente detall\u00f3 la conformaci\u00f3n de la nueva mesa directiva de la Juventud PRO Avellaneda:<\/p>\n\n\n\n<ul>\n<li><strong>Presidente<\/strong>: Nicol\u00e1s Sturla<\/li>\n\n\n\n<li><strong>Vicepresidente 1\u00ba<\/strong>: Gonzalo San Felipo<\/li>\n\n\n\n<li><strong>Vicepresidente 2\u00ba<\/strong>: Guido Bianchi<\/li>\n\n\n\n<li><strong>Secretario General<\/strong>: Nicol\u00e1s Pi\u00f1eiro<\/li>\n<\/ul>\n\n\n\n<p>Adem\u00e1s, se crearon <strong>secretar\u00edas tem\u00e1ticas<\/strong> con funciones espec\u00edficas: Comunicaci\u00f3n y Prensa, Proyectos, Organizaci\u00f3n y Territorial. Seg\u00fan Sturla, el objetivo es \u201cque cada joven tenga una responsabilidad concreta y que el trabajo partidario se traduzca en propuestas reales para los vecinos\u201d.<\/p>\n\n\n\n<h3 class=\"wp-block-heading\">Una militancia que crece pese a la adversidad<\/h3>\n\n\n\n<p>A pesar de los reveses pol\u00edticos, Sturla destac\u00f3 que cada vez m\u00e1s j\u00f3venes se acercan al espacio:<\/p>\n\n\n\n<blockquote class=\"wp-block-quote\">\n<p>\u201cVemos m\u00e1s entusiasmo ahora que incluso cuando el PRO fue gobierno. Eso demuestra que hay representaci\u00f3n s\u00f3lida y que podemos crecer desde el sentido com\u00fan, como vecinos comprometidos\u201d.<\/p>\n<\/blockquote>\n\n\n\n<h3 class=\"wp-block-heading\">Perspectiva electoral y rol opositor<\/h3>\n\n\n\n<p>Consultado sobre los \u00faltimos resultados en Avellaneda, Esturla reconoci\u00f3 la dificultad de competir contra Jorge Ferraresi, con 18 a\u00f1os de gesti\u00f3n, pero tambi\u00e9n se\u00f1al\u00f3 falencias en la fiscalizaci\u00f3n electoral.<\/p>\n\n\n\n<p>De cara a lo que viene, expres\u00f3:<\/p>\n\n\n\n<blockquote class=\"wp-block-quote\">\n<p>\u201cLa pr\u00f3xima elecci\u00f3n ser\u00e1 definitoria. Los j\u00f3venes tenemos que asumir el desaf\u00edo de explicar, cara a cara con los vecinos, qu\u00e9 ciudad y qu\u00e9 pa\u00eds queremos construir\u201d.<\/p>\n<\/blockquote>\n\n\n\n<h3 class=\"wp-block-heading\">Juventud pol\u00edtica y di\u00e1logo interpartidario<\/h3>\n\n\n\n<p>Sturla valor\u00f3 la posibilidad de abrir espacios de debate entre las juventudes de distintos partidos:<\/p>\n\n\n\n<blockquote class=\"wp-block-quote\">\n<p>\u201cLa juventud tiene un gran desaf\u00edo. Estoy abierto a charlar y debatir con todos los sectores, porque se trata de pensar la Avellaneda que queremos, m\u00e1s all\u00e1 de las diferencias ideol\u00f3gicas\u201d.<\/p>\n<\/blockquote>\n\n\n\n<p>Con esta nueva conducci\u00f3n, la Juventud PRO de Avellaneda busca consolidar su rol opositor, fortalecer su presencia en el territorio y, sobre todo, sumar nuevas voces j\u00f3venes al debate pol\u00edtico local.<\/p>\n\n\n\n<figure class=\"wp-block-embed is-type-video is-provider-youtube wp-block-embed-youtube wp-embed-aspect-16-9 wp-has-aspect-ratio\"><div class=\"wp-block-embed__wrapper\">\n<iframe loading=\"lazy\" title=\"Entrevista: Nicol\u00e1s Sturla (Presidente Juventud PRO Avellaneda)\" width=\"640\" height=\"360\" src=\"https:\/\/www.youtube.com\/embed\/6Iu25t8YhV0?feature=oembed\" frameborder=\"0\" allow=\"accelerometer; autoplay; clipboard-write; encrypted-media; gyroscope; picture-in-picture; web-share\" referrerpolicy=\"strict-origin-when-cross-origin\" allowfullscreen><\/iframe>\n<\/div><\/figure>\n","protected":false},"excerpt":{"rendered":"<p>\u201cQueremos recuperar la participaci\u00f3n juvenil en la pol\u00edtica local con responsabilidad y compromiso\u201d La pol\u00edtica juvenil de Avellaneda suma una nueva conducci\u00f3n. Nicol\u00e1s Sturla fue electo como presidente de la Juventud PRO y dialog\u00f3 en el programa La Voz del Vecino, conducido por Marcelo Brunwald, donde explic\u00f3 los desaf\u00edos de esta etapa y marc\u00f3 la [&hellip;]<\/p>\n","protected":false},"author":4,"featured_media":19109,"comment_status":"open","ping_status":"open","sticky":false,"template":"","format":"standard","meta":{"footnotes":""},"categories":[1,20,5],"tags":[2027],"_links":{"self":[{"href":"https:\/\/enlamira.info\/index.php\/wp-json\/wp\/v2\/posts\/19100"}],"collection":[{"href":"https:\/\/enlamira.info\/index.php\/wp-json\/wp\/v2\/posts"}],"about":[{"href":"https:\/\/enlamira.info\/index.php\/wp-json\/wp\/v2\/types\/post"}],"author":[{"embeddable":true,"href":"https:\/\/enlamira.info\/index.php\/wp-json\/wp\/v2\/users\/4"}],"replies":[{"embeddable":true,"href":"https:\/\/enlamira.info\/index.php\/wp-json\/wp\/v2\/comments?post=19100"}],"version-history":[{"count":2,"href":"https:\/\/enlamira.info\/index.php\/wp-json\/wp\/v2\/posts\/19100\/revisions"}],"predecessor-version":[{"id":19116,"href":"https:\/\/enlamira.info\/index.php\/wp-json\/wp\/v2\/posts\/19100\/revisions\/19116"}],"wp:featuredmedia":[{"embeddable":true,"href":"https:\/\/enlamira.info\/index.php\/wp-json\/wp\/v2\/media\/19109"}],"wp:attachment":[{"href":"https:\/\/enlamira.info\/index.php\/wp-json\/wp\/v2\/media?parent=19100"}],"wp:term":[{"taxonomy":"category","embeddable":true,"href":"https:\/\/enlamira.info\/index.php\/wp-json\/wp\/v2\/categories?post=19100"},{"taxonomy":"post_tag","embeddable":true,"href":"https:\/\/enlamira.info\/index.php\/wp-json\/wp\/v2\/tags?post=19100"}],"curies":[{"name":"wp","href":"https:\/\/api.w.org\/{rel}","templated":true}]}}