{"id":19094,"date":"2025-09-23T01:13:05","date_gmt":"2025-09-23T04:13:05","guid":{"rendered":"https:\/\/enlamira.info\/?p=19094"},"modified":"2025-09-23T01:13:05","modified_gmt":"2025-09-23T04:13:05","slug":"cayo-el-profugo-por-la-entradera-y-crimen-de-una-anciana-en-temperley","status":"publish","type":"post","link":"https:\/\/enlamira.info\/index.php\/2025\/09\/23\/cayo-el-profugo-por-la-entradera-y-crimen-de-una-anciana-en-temperley\/","title":{"rendered":"Cay\u00f3 el pr\u00f3fugo por la entradera y crimen de una anciana en Temperley"},"content":{"rendered":"\n<p>Un hombre de 31 a\u00f1os fue detenido acusado de realizar una violenta entradera en Temperley que termin\u00f3 con la vida de una anciana de 92 a\u00f1os. Por el hecho ya estaban detenidos un menor de 17 a\u00f1os y dos j\u00f3venes de 20 y 24 a\u00f1os.<\/p>\n\n\n\n<p>Fuentes policiales informaron que el sujeto fue detenido el lunes por la madrugada en una vivienda de la calle Comte, en el barrio San Jos\u00e9 de Temperley.<\/p>\n\n\n\n<p>El operativo fue llevado adelante por personal de la Sub DDI de Lomas de Zamora. El sujeto, de 31 a\u00f1os, qued\u00f3 a disposici\u00f3n de la UFI 7 de Responsabilidad Penal Juvenil, a cargo de la fiscal Mart\u00ednez Bagnara.<\/p>\n\n\n\n<p>Este detenido es el \u00faltimo pr\u00f3fugo de la entradera violenta que termin\u00f3 con la vida de Teresa Mart\u00ednez. Pero tambi\u00e9n est\u00e1 sospechado de integrar una banda \u2013 compuesta por adultos y adolescentes \u2013 acusada de cometer varios robos en Temperley, San Jos\u00e9 y Rafael Calzada.<\/p>\n\n\n\n<p>El hecho ocurri\u00f3 el s\u00e1bado 25 de enero pasado por la noche en una casa ubicada sobre la calle Bernardo de Yrigoyen, en Temperley. Fue una nieta de la v\u00edctima, Teresa Mart\u00ednez, quien descubri\u00f3 la escena del crimen al encontrar la puerta de la vivienda forzada.<\/p>\n\n\n\n<p>Dentro del domicilio, la propiedad se encontraba completamente desordenada, y la mujer yac\u00eda sin vida en su habitaci\u00f3n, atada de manos a la cama.<\/p>\n\n\n\n<p>La investigaci\u00f3n del caso qued\u00f3 a cargo de la UFI N\u00b019 del Departamento Judicial de Lomas de Zamora. Inmediatamente, se solicit\u00f3 la colaboraci\u00f3n de la Delegaci\u00f3n Departamental de Investigaciones (DDI) local, la Divisi\u00f3n de Casos Especiales y la Polic\u00eda Cient\u00edfica. Durante las pericias, los investigadores lograron levantar tres huellas dactilares que resultaron de importancia para el avance de la causa. El informe m\u00e9dico policial determin\u00f3 que la v\u00edctima no presentaba lesiones externas.<\/p>\n\n\n\n<p>Testimonios de familiares indicaron el faltante de 200 mil pesos en efectivo. Adem\u00e1s, las c\u00e1maras de seguridad de la zona captaron a dos j\u00f3venes en actitud sospechosa cerca de un kiosco a las 2:50 de la madrugada del domingo, a pocos metros de la casa de la v\u00edctima. Las im\u00e1genes tambi\u00e9n registraron la presencia de un veh\u00edculo Chevrolet Corsa gris desplaz\u00e1ndose en las inmediaciones de la vivienda y luego huyendo hacia Almirante Brown.<\/p>\n\n\n\n<p>El an\u00e1lisis de antenas telef\u00f3nicas permiti\u00f3 rastrear los movimientos de los involucrados y confirmar su presencia en Almirante Brown. Posteriormente, durante un patrullaje preventivo llevado a cabo este martes por agentes de la Comisar\u00eda Primera de Lomas de Zamora, se identific\u00f3 a cuatro j\u00f3venes en el centro comercial \u201cLomitas Street\u201d, en la intersecci\u00f3n de las calles Italia y Sixto Fern\u00e1ndez. Los comerciantes alertaron a los efectivos sobre la presencia de estos individuos que intentaban cambiar d\u00f3lares.<\/p>\n\n\n\n<p>A uno de los adolescentes, que termin\u00f3 imputado tambi\u00e9n con otras pruebas, se le incaut\u00f3 una cadena con un dije, un anillo con la inscripci\u00f3n \u201cMar\u00eda\u201d, y ropa valuada en m\u00e1s de un mill\u00f3n de pesos, cuya procedencia no pudo ser justificada.<\/p>\n\n\n\n<p>La fiscal\u00eda determin\u00f3 la participaci\u00f3n del menor en el hecho, por lo que intervino la UFI N\u00b01 del Fuero de Responsabilidad Juvenil, a cargo del fiscal Mart\u00edn Seara.<\/p>\n\n\n\n<p>Tras analizar las pruebas, la UFI N\u00b019 dispuso que la causa quedara bajo la UFI N\u00b03 de Menores de Lomas de Zamora, con el menor acusado de homicidio en ocasi\u00f3n de robo y trasladado al Centro de Reubicaci\u00f3n de Menores en Conflicto con la Ley Penal.<\/p>\n\n\n\n<p>La investigaci\u00f3n continu\u00f3 y permiti\u00f3 la detenci\u00f3n de un segundo sospechoso, de 24 a\u00f1os. Durante un allanamiento, se le secuestr\u00f3 un rev\u00f3lver calibre .32 con 11 municiones, un crique, un reloj de mujer, un par de guantes, una barreta, una mochila, herramientas, vestimenta, 300 pesos en efectivo, un bolso de mujer y tres celulares.<\/p>\n\n\n\n<p>Pocos d\u00edas m\u00e1s tarde, cay\u00f3 otro de los acusados, apodado \u201cEl Rengo\u201d. El c\u00edrculo se cerr\u00f3 este lunes por madrugada con la detenci\u00f3n del \u00faltimo imputado por el homicidio de la anciana de Temperley.<\/p>\n","protected":false},"excerpt":{"rendered":"<p>Un hombre de 31 a\u00f1os fue detenido acusado de realizar una violenta entradera en Temperley que termin\u00f3 con la vida de una anciana de 92 a\u00f1os. Por el hecho ya estaban detenidos un menor de 17 a\u00f1os y dos j\u00f3venes de 20 y 24 a\u00f1os. Fuentes policiales informaron que el sujeto fue detenido el lunes [&hellip;]<\/p>\n","protected":false},"author":4,"featured_media":19088,"comment_status":"open","ping_status":"open","sticky":false,"template":"","format":"standard","meta":{"footnotes":""},"categories":[1,32],"tags":[28],"_links":{"self":[{"href":"https:\/\/enlamira.info\/index.php\/wp-json\/wp\/v2\/posts\/19094"}],"collection":[{"href":"https:\/\/enlamira.info\/index.php\/wp-json\/wp\/v2\/posts"}],"about":[{"href":"https:\/\/enlamira.info\/index.php\/wp-json\/wp\/v2\/types\/post"}],"author":[{"embeddable":true,"href":"https:\/\/enlamira.info\/index.php\/wp-json\/wp\/v2\/users\/4"}],"replies":[{"embeddable":true,"href":"https:\/\/enlamira.info\/index.php\/wp-json\/wp\/v2\/comments?post=19094"}],"version-history":[{"count":1,"href":"https:\/\/enlamira.info\/index.php\/wp-json\/wp\/v2\/posts\/19094\/revisions"}],"predecessor-version":[{"id":19095,"href":"https:\/\/enlamira.info\/index.php\/wp-json\/wp\/v2\/posts\/19094\/revisions\/19095"}],"wp:featuredmedia":[{"embeddable":true,"href":"https:\/\/enlamira.info\/index.php\/wp-json\/wp\/v2\/media\/19088"}],"wp:attachment":[{"href":"https:\/\/enlamira.info\/index.php\/wp-json\/wp\/v2\/media?parent=19094"}],"wp:term":[{"taxonomy":"category","embeddable":true,"href":"https:\/\/enlamira.info\/index.php\/wp-json\/wp\/v2\/categories?post=19094"},{"taxonomy":"post_tag","embeddable":true,"href":"https:\/\/enlamira.info\/index.php\/wp-json\/wp\/v2\/tags?post=19094"}],"curies":[{"name":"wp","href":"https:\/\/api.w.org\/{rel}","templated":true}]}}