{"id":19091,"date":"2025-09-23T01:11:16","date_gmt":"2025-09-23T04:11:16","guid":{"rendered":"https:\/\/enlamira.info\/?p=19091"},"modified":"2025-09-23T01:11:16","modified_gmt":"2025-09-23T04:11:16","slug":"mayra-en-la-plaza-de-la-estacion-hablo-con-vecinos-en-el-operativo-quilmes-cerca-edicion-primavera","status":"publish","type":"post","link":"https:\/\/enlamira.info\/index.php\/2025\/09\/23\/mayra-en-la-plaza-de-la-estacion-hablo-con-vecinos-en-el-operativo-quilmes-cerca-edicion-primavera\/","title":{"rendered":"Mayra en la plaza de la estaci\u00f3n: Habl\u00f3 con vecinos en el operativo \u201cQuilmes Cerca, edici\u00f3n Primavera\u201d"},"content":{"rendered":"\n<p>La intendenta de Quilmes, Mayra Mendoza, estuvo presente este lunes en un nuevo operativo \u201cQuilmes Cerca, Edici\u00f3n Primavera\u201d, donde dialog\u00f3 con los vecinos que se acercaron a la plaza Hip\u00f3lito Yrigoyen, ubicada frente a la estaci\u00f3n de trenes.<\/p>\n\n\n\n<p>\u201cEstos operativos nos han permitido, a lo largo de nuestros a\u00f1os de gobierno, acercar el Estado a los vecinos y vecinas, simplific\u00e1ndoles tr\u00e1mites, haci\u00e9ndoles la vida m\u00e1s f\u00e1cil. Hemos sostenido esa decisi\u00f3n pol\u00edtica a pesar de la intenci\u00f3n de Javier Milei de destruir lo p\u00fablico y vamos a profundizarla porque creemos en el rol articulador del Estado en la comunidad y en la necesidad de hacer cada vez m\u00e1s eficientes sus prestaciones\u201d, asegur\u00f3 la Jefa comunal.<\/p>\n\n\n\n<p>Por su parte, el secretario de Gesti\u00f3n y Participaci\u00f3n Ciudadana, Fabio B\u00e1ez, coment\u00f3: \u201cLa respuesta de la gente ha sido muy positiva, especialmente en los operativos de la estaci\u00f3n, donde muchos aprovechan a realizar tr\u00e1mites o controles al paso. Esta iniciativa nos permite dialogar directamente con los vecinos y mostrarles todo lo que la gesti\u00f3n municipal pone a su disposici\u00f3n\u201d.<\/p>\n\n\n\n<p>En esta jornada hubo stands de las secretar\u00edas de Salud, Ni\u00f1ez y Desarrollo Social, Ambiente y GIRSU, del Instituto de Previsi\u00f3n Social y tarjeta SUBE, que se repetir\u00e1n en los pr\u00f3ximos operativos Quilmes Cerca, que ser\u00e1n el martes 23 de 10 a 13, en la plaza Alberdi, ubicada en Alberdi y Paz, en Quilmes, y el mi\u00e9rcoles 24, en el mismo horario, en el Centro de Jubilados Los Positivos, en M\u00e9jico 2783, barrio Santo Domingo, en Ezpeleta Oeste.<\/p>\n\n\n\n<p>Estuvieron presentes en la actividad la secretaria de Ni\u00f1ez y Desarrollo Social, Florencia Di Tullio; la subsecretaria de Salud, Laura Navarro, y su par de Participaci\u00f3n y Relaciones Institucionales, Facundo Rivero, y la directora del Instituto de Previsi\u00f3n Social (IPS), Carina Albertini.<\/p>\n","protected":false},"excerpt":{"rendered":"<p>La intendenta de Quilmes, Mayra Mendoza, estuvo presente este lunes en un nuevo operativo \u201cQuilmes Cerca, Edici\u00f3n Primavera\u201d, donde dialog\u00f3 con los vecinos que se acercaron a la plaza Hip\u00f3lito Yrigoyen, ubicada frente a la estaci\u00f3n de trenes. \u201cEstos operativos nos han permitido, a lo largo de nuestros a\u00f1os de gobierno, acercar el Estado a [&hellip;]<\/p>\n","protected":false},"author":4,"featured_media":19087,"comment_status":"open","ping_status":"open","sticky":false,"template":"","format":"standard","meta":{"footnotes":""},"categories":[1],"tags":[28,443],"_links":{"self":[{"href":"https:\/\/enlamira.info\/index.php\/wp-json\/wp\/v2\/posts\/19091"}],"collection":[{"href":"https:\/\/enlamira.info\/index.php\/wp-json\/wp\/v2\/posts"}],"about":[{"href":"https:\/\/enlamira.info\/index.php\/wp-json\/wp\/v2\/types\/post"}],"author":[{"embeddable":true,"href":"https:\/\/enlamira.info\/index.php\/wp-json\/wp\/v2\/users\/4"}],"replies":[{"embeddable":true,"href":"https:\/\/enlamira.info\/index.php\/wp-json\/wp\/v2\/comments?post=19091"}],"version-history":[{"count":1,"href":"https:\/\/enlamira.info\/index.php\/wp-json\/wp\/v2\/posts\/19091\/revisions"}],"predecessor-version":[{"id":19092,"href":"https:\/\/enlamira.info\/index.php\/wp-json\/wp\/v2\/posts\/19091\/revisions\/19092"}],"wp:featuredmedia":[{"embeddable":true,"href":"https:\/\/enlamira.info\/index.php\/wp-json\/wp\/v2\/media\/19087"}],"wp:attachment":[{"href":"https:\/\/enlamira.info\/index.php\/wp-json\/wp\/v2\/media?parent=19091"}],"wp:term":[{"taxonomy":"category","embeddable":true,"href":"https:\/\/enlamira.info\/index.php\/wp-json\/wp\/v2\/categories?post=19091"},{"taxonomy":"post_tag","embeddable":true,"href":"https:\/\/enlamira.info\/index.php\/wp-json\/wp\/v2\/tags?post=19091"}],"curies":[{"name":"wp","href":"https:\/\/api.w.org\/{rel}","templated":true}]}}