{"id":19083,"date":"2025-09-23T01:05:35","date_gmt":"2025-09-23T04:05:35","guid":{"rendered":"https:\/\/enlamira.info\/?p=19083"},"modified":"2025-09-23T01:05:35","modified_gmt":"2025-09-23T04:05:35","slug":"diputados-la-oposicion-avanzara-manana-con-el-tratamiento-de-la-ley-que-limita-los-dnu","status":"publish","type":"post","link":"https:\/\/enlamira.info\/index.php\/2025\/09\/23\/diputados-la-oposicion-avanzara-manana-con-el-tratamiento-de-la-ley-que-limita-los-dnu\/","title":{"rendered":"Diputados: la oposici\u00f3n avanzar\u00e1 ma\u00f1ana con el tratamiento de la ley que limita los DNU"},"content":{"rendered":"\n<p>Los bloques opositores de la C\u00e1mara de Diputados avanzar\u00e1n ma\u00f1ana con una nueva embestida contra el oficialismo al poner bajo tratamiento la media sanci\u00f3n del Senado del proyecto de ley que restringe la capacidad del Gobierno de tomar decisiones mediante decretos de necesidad y urgencia (DNU).<\/p>\n\n\n\n<p>Luego de que en la \u00faltima sesi\u00f3n la oposici\u00f3n aprobara un emplazamiento, el plenario de las comisiones de Asuntos Constitucionales, y Peticiones, Poderes y Reglamento, se reunir\u00e1 este martes desde las 12 para tratar las modificaciones al r\u00e9gimen de DNU, en tanto que el martes 30 de septiembre se pasar\u00e1 a la firma para que la iniciativa pueda ser votada en el recinto de inmediato.<\/p>\n\n\n\n<p>La aceleraci\u00f3n de la oposici\u00f3n respecto de este tema puso en guardia al Gobierno, que asiduamente echa mano a los DNU para ejecutar pol\u00edticas en lugar de enviar proyectos de ley al Congreso.<\/p>\n\n\n\n<p>El instituto especial de DNU fue dise\u00f1ado en la reforma constitucional de 1994 con la intenci\u00f3n de que los gobiernos de turno pudieran dar respuestas excepcionales en circunstancias extraordinarias que no pueden esperar los tiempos institucionales del Congreso.<\/p>\n\n\n\n<p>El problema es que todos los gobiernos, algunos m\u00e1s y otros menos, han hecho un uso discrecional y excesivo, usando esta herramienta cuando no exist\u00edan razones de emergencia que lo ameriten.<\/p>\n\n\n\n<p>En el 2006, a instancias de un proyecto de la entonces senadora Cristina Kirchner, se aprob\u00f3 una ley que blind\u00f3 los DNU presidenciales y dej\u00f3 a la oposici\u00f3n de turno pr\u00e1cticamente sin capacidad para derogar los decretos.<\/p>\n\n\n\n<p>Dicha ley establece que con la aprobaci\u00f3n de una sola c\u00e1mara de Congreso el decreto queda en pie y quedan vigentes sus efectos jur\u00eddicos.<\/p>\n\n\n\n<p>A la inversa, se necesita del rechazo de ambas c\u00e1maras para poder voltear decretos, algo que se logr\u00f3 en muy contadas ocasiones.<\/p>\n\n\n\n<p>Con el Gobierno de Javier Milei esto empez\u00f3 a ocurrir un poco m\u00e1s, pero realmente es muy dif\u00edcil para cualquier oposici\u00f3n juntar mayor\u00edas en ambas c\u00e1maras del Congreso para tumbar decretos.<\/p>\n\n\n\n<p>En el \u00faltimo tiempo sucedi\u00f3 con el DNU sobre fondos reservados de la SIDE, el decreto delegado que eliminaba Vialidad, el que reestructuraba y reduc\u00eda el INTA y el INTI, la reestructuraci\u00f3n del Banco Nacional de Datos Gen\u00e9ticos, de organismos de Cultura y el DNU que modific\u00f3 el r\u00e9gimen de la Marina Mercante.<\/p>\n\n\n\n<p>Con la ley propuesta por el Senado bastar\u00eda con el rechazo de una sola c\u00e1mara para anular el decreto.<\/p>\n\n\n\n<p>Pero adem\u00e1s todo DNU tiene 90 d\u00edas desde su publicaci\u00f3n en el Bolet\u00edn Oficial para lograr su convalidaci\u00f3n en el Congreso, caso contrario pierde su validez y efecto jur\u00eddico.<\/p>\n\n\n\n<p>Por otra parte, acota a 48 horas h\u00e1biles el plazo para que una c\u00e1mara legislativa le comunique a la otra su pronunciamiento sobre la validez o invalidez de los DNU en cuesti\u00f3n.<\/p>\n\n\n\n<p>A su vez, la iniciativa dispone que \u201crechazado un DNU o de delegaci\u00f3n legislativa el Poder Ejecutivo no podr\u00e1 dictar otro que verse sobre la misma materia durante ese a\u00f1o parlamentario\u201d.<\/p>\n\n\n\n<p>La idea de la oposici\u00f3n es llevar este tema a una sesi\u00f3n especial, a priori el 1 de octubre, en el marco de un temario que tambi\u00e9n incluir\u00eda los cambios en el Impuesto a los Combustibles, el rechazo al veto sobre ATN, y la derogaci\u00f3n de los decretos sobre identidad de g\u00e9nero y el estatuto de la Polic\u00eda Federal.<\/p>\n","protected":false},"excerpt":{"rendered":"<p>Los bloques opositores de la C\u00e1mara de Diputados avanzar\u00e1n ma\u00f1ana con una nueva embestida contra el oficialismo al poner bajo tratamiento la media sanci\u00f3n del Senado del proyecto de ley que restringe la capacidad del Gobierno de tomar decisiones mediante decretos de necesidad y urgencia (DNU). Luego de que en la \u00faltima sesi\u00f3n la oposici\u00f3n [&hellip;]<\/p>\n","protected":false},"author":4,"featured_media":19085,"comment_status":"open","ping_status":"open","sticky":false,"template":"","format":"standard","meta":{"footnotes":""},"categories":[4],"tags":[],"_links":{"self":[{"href":"https:\/\/enlamira.info\/index.php\/wp-json\/wp\/v2\/posts\/19083"}],"collection":[{"href":"https:\/\/enlamira.info\/index.php\/wp-json\/wp\/v2\/posts"}],"about":[{"href":"https:\/\/enlamira.info\/index.php\/wp-json\/wp\/v2\/types\/post"}],"author":[{"embeddable":true,"href":"https:\/\/enlamira.info\/index.php\/wp-json\/wp\/v2\/users\/4"}],"replies":[{"embeddable":true,"href":"https:\/\/enlamira.info\/index.php\/wp-json\/wp\/v2\/comments?post=19083"}],"version-history":[{"count":1,"href":"https:\/\/enlamira.info\/index.php\/wp-json\/wp\/v2\/posts\/19083\/revisions"}],"predecessor-version":[{"id":19084,"href":"https:\/\/enlamira.info\/index.php\/wp-json\/wp\/v2\/posts\/19083\/revisions\/19084"}],"wp:featuredmedia":[{"embeddable":true,"href":"https:\/\/enlamira.info\/index.php\/wp-json\/wp\/v2\/media\/19085"}],"wp:attachment":[{"href":"https:\/\/enlamira.info\/index.php\/wp-json\/wp\/v2\/media?parent=19083"}],"wp:term":[{"taxonomy":"category","embeddable":true,"href":"https:\/\/enlamira.info\/index.php\/wp-json\/wp\/v2\/categories?post=19083"},{"taxonomy":"post_tag","embeddable":true,"href":"https:\/\/enlamira.info\/index.php\/wp-json\/wp\/v2\/tags?post=19083"}],"curies":[{"name":"wp","href":"https:\/\/api.w.org\/{rel}","templated":true}]}}