{"id":19075,"date":"2025-09-21T08:59:18","date_gmt":"2025-09-21T11:59:18","guid":{"rendered":"https:\/\/enlamira.info\/?p=19075"},"modified":"2025-09-21T08:59:18","modified_gmt":"2025-09-21T11:59:18","slug":"florencio-varela-kicillof-inauguro-el-centro-de-atencion-primaria-de-la-salud-n200","status":"publish","type":"post","link":"https:\/\/enlamira.info\/index.php\/2025\/09\/21\/florencio-varela-kicillof-inauguro-el-centro-de-atencion-primaria-de-la-salud-n200\/","title":{"rendered":"Florencio Varela: Kicillof inaugur\u00f3 el Centro de Atenci\u00f3n Primaria de la Salud N\u00b0200"},"content":{"rendered":"\n<p>El gobernador de la provincia de Buenos Aires, Axel Kicillof, inaugur\u00f3 este viernes en Florencio Varela el Centro de Atenci\u00f3n Primaria de la Salud (CAPS) N\u00b0 200 desde el inicio de su gesti\u00f3n, y recorri\u00f3 las obras de la autopista Presidente Per\u00f3n, abandonadas por el gobierno nacional. Fue junto a los ministros de Salud, Nicol\u00e1s Kreplak; y de Infraestructura y Servicios P\u00fablicos, Gabriel Katopodis; el intendente de Florencio Varela, Andr\u00e9s Watson; y los dirigentes Jorge Taiana y Juan Grabois.<\/p>\n\n\n\n<p>En ese marco, Kicillof destac\u00f3 que \u201chemos fortalecido un modo distinto de promover los cuidados y la atenci\u00f3n, llegando a los barrios con nueva infraestructura para integrar el sistema sanitario y hacer de la prevenci\u00f3n una pr\u00e1ctica cotidiana\u201d. \u201cEstos 200 centros que inauguramos son el resultado de una fuerte inversi\u00f3n provincial para garantizar que el acceso a la salud de calidad sea realmente universal: para el pueblo bonaerense, la salud no es un negocio, es un derecho\u201d, a\u00f1adi\u00f3.<\/p>\n\n\n\n<p>\u201cEstamos haciendo todo lo que est\u00e1 a nuestro alcance para suplir la ausencia del Gobierno nacional: seguramente nos acusar\u00e1n de estatistas o irresponsables, pero vamos a seguir trabajando para que a ning\u00fan bonaerense le falten la atenci\u00f3n y los medicamentos que necesita\u201d, se\u00f1al\u00f3 el Gobernador y a\u00f1adi\u00f3: \u201cEstamos convencidos de que cada peso de los m\u00e1s de $26 mil millones que destinamos al programa de Medicamentos Bonaerenses vale mucho m\u00e1s la pena que los que se utilizan para alimentar la especulaci\u00f3n financiera y sostener un programa econ\u00f3mico que tiene en vilo a la Argentina\u201d.<\/p>\n\n\n\n<p>Los 200 nuevos CAPS se distribuyeron en 61 municipios bonaerenses, en tanto que hay otros 20 centros que est\u00e1n en construcci\u00f3n para seguir acercando la atenci\u00f3n a los barrios y descomprimir la demanda de los hospitales municipales y provinciales.<\/p>\n\n\n\n<p>Al respecto, Kreplak explic\u00f3: \u201cCada CAPS que inauguramos habla de un proyecto de salud pensado para los bonaerenses y de un Estado que est\u00e1 presente en los barrios para jerarquizar la prevenci\u00f3n y la cercan\u00eda\u201d. \u201cEsta es la puerta de entrada a un sistema de salud que, con los mejores profesionales y toda la tecnolog\u00eda necesaria, llega a todos los rincones de la provincia para acompa\u00f1ar a nuestra comunidad y garantizar los derechos de todos y todas\u201d, indic\u00f3.<\/p>\n\n\n\n<p>Este nuevo CAPS \u201cLa Esmeralda\u201d de Florencio Varela demand\u00f3 una inversi\u00f3n de $1.821 millones y beneficiar\u00e1 a 50.000 vecinos y vecinas. Cuenta con nueve consultorios: siete de atenci\u00f3n general, uno odontol\u00f3gico y uno ginecol\u00f3gico; adem\u00e1s posee vacunatorio, farmacia, sanitarios, sala de espera y un SUM.<\/p>\n\n\n\n<p>En tanto, Taiana explic\u00f3 que \u201cla construcci\u00f3n de este espacio que trae atenci\u00f3n sanitaria al barrio para fortalecer la prevenci\u00f3n es mucho m\u00e1s meritoria en este contexto en el que tenemos un Presidente que dice estar orgulloso de haber paralizado todas las obras p\u00fablicas\u201d. \u201cTenemos que seguir dando esta batalla todos los d\u00edas y demostrar que nuestro pueblo apuesta por la solidaridad y por alcanzar mejores condiciones de vida para todos y todas\u201d, agreg\u00f3.<\/p>\n\n\n\n<p>Asimismo, se puso en funcionamiento una ambulancia de alta complejidad, la N\u00b0 400 desde el inicio de la gesti\u00f3n, y se firm\u00f3 un convenio para la construcci\u00f3n de otros dos CAPS en Florencio Varela. \u201cEste es un d\u00eda muy importante para todos nuestros vecinos y vecinas: inauguramos un Centro de Atenci\u00f3n Primaria y suscribimos un acuerdo para seguir fortaleciendo la salud p\u00fablica en el distrito\u201d, sostuvo el intendente Watson, al tiempo que destac\u00f3 que \u201ceste es el camino que nuestro pueblo eligi\u00f3 de forma contundente y que va a ratificar en octubre: el de la inversi\u00f3n en obra p\u00fablica para la salud y el bienestar de la comunidad\u201d.<\/p>\n\n\n\n<p>Durante la jornada, Kicillof recorri\u00f3 la obra abandonada por el Gobierno Nacional en la autopista Presidente Per\u00f3n: consta de 83 kil\u00f3metros en total, de los cuales hasta fines del 2023 se hab\u00edan construido 52. Se trata de una obra estrat\u00e9gica que abarca a 12 municipios y busca mejorar el tr\u00e1nsito urbano, la conectividad y la seguridad vial de 12 millones de personas.<\/p>\n\n\n\n<p>En ese marco, el Gobernador destac\u00f3: \u201cLa obra inconclusa de la Autopista Presidente Per\u00f3n es la imagen de la deserci\u00f3n del Gobierno nacional. En m\u00faltiples oportunidades hemos reclamado a las autoridades nacionales que se nos permita realizar un trabajo conjunto para finalizar y mantener la traza, pero a\u00fan seguimos sin respuesta\u201d.<\/p>\n\n\n\n<p>Por \u00faltimo, Kicillof remarc\u00f3 que \u201cya dimos el primer paso en septiembre y ahora debemos dar otro mensaje muy importante en octubre\u201d. \u201cVamos a ponerle un freno a Milei si contamos con diputados y diputadas que representen y defiendan los derechos de los y las bonaerenses en el Congreso nacional; y eso se logra eligiendo la boleta de Fuerza Patria\u201d, concluy\u00f3.<\/p>\n","protected":false},"excerpt":{"rendered":"<p>El gobernador de la provincia de Buenos Aires, Axel Kicillof, inaugur\u00f3 este viernes en Florencio Varela el Centro de Atenci\u00f3n Primaria de la Salud (CAPS) N\u00b0 200 desde el inicio de su gesti\u00f3n, y recorri\u00f3 las obras de la autopista Presidente Per\u00f3n, abandonadas por el gobierno nacional. Fue junto a los ministros de Salud, Nicol\u00e1s [&hellip;]<\/p>\n","protected":false},"author":4,"featured_media":19072,"comment_status":"open","ping_status":"open","sticky":false,"template":"","format":"standard","meta":{"footnotes":""},"categories":[1],"tags":[28,1055,1980],"_links":{"self":[{"href":"https:\/\/enlamira.info\/index.php\/wp-json\/wp\/v2\/posts\/19075"}],"collection":[{"href":"https:\/\/enlamira.info\/index.php\/wp-json\/wp\/v2\/posts"}],"about":[{"href":"https:\/\/enlamira.info\/index.php\/wp-json\/wp\/v2\/types\/post"}],"author":[{"embeddable":true,"href":"https:\/\/enlamira.info\/index.php\/wp-json\/wp\/v2\/users\/4"}],"replies":[{"embeddable":true,"href":"https:\/\/enlamira.info\/index.php\/wp-json\/wp\/v2\/comments?post=19075"}],"version-history":[{"count":1,"href":"https:\/\/enlamira.info\/index.php\/wp-json\/wp\/v2\/posts\/19075\/revisions"}],"predecessor-version":[{"id":19076,"href":"https:\/\/enlamira.info\/index.php\/wp-json\/wp\/v2\/posts\/19075\/revisions\/19076"}],"wp:featuredmedia":[{"embeddable":true,"href":"https:\/\/enlamira.info\/index.php\/wp-json\/wp\/v2\/media\/19072"}],"wp:attachment":[{"href":"https:\/\/enlamira.info\/index.php\/wp-json\/wp\/v2\/media?parent=19075"}],"wp:term":[{"taxonomy":"category","embeddable":true,"href":"https:\/\/enlamira.info\/index.php\/wp-json\/wp\/v2\/categories?post=19075"},{"taxonomy":"post_tag","embeddable":true,"href":"https:\/\/enlamira.info\/index.php\/wp-json\/wp\/v2\/tags?post=19075"}],"curies":[{"name":"wp","href":"https:\/\/api.w.org\/{rel}","templated":true}]}}