{"id":19070,"date":"2025-09-21T08:58:07","date_gmt":"2025-09-21T11:58:07","guid":{"rendered":"https:\/\/enlamira.info\/?p=19070"},"modified":"2025-09-21T08:58:07","modified_gmt":"2025-09-21T11:58:07","slug":"el-consumo-no-repunta-kioscos-y-almacenes-los-mas-perjudicados","status":"publish","type":"post","link":"https:\/\/enlamira.info\/index.php\/2025\/09\/21\/el-consumo-no-repunta-kioscos-y-almacenes-los-mas-perjudicados\/","title":{"rendered":"El consumo no repunta: kioscos y almacenes, los m\u00e1s perjudicados"},"content":{"rendered":"\n<p>El consumo masivo cay\u00f3 1,9% en agosto respecto del mes anterior, arrastrado por menores ventas en kioscos, almacenes y farmacias, de acuerdo con un relevamiento privado.<\/p>\n\n\n\n<p>La consultora Scentia relev\u00f3 una baja mensual de 1,9% en agosto, compuesta por una ca\u00edda de 4,4% en las ventas de kioscos y almacenes, 2,6% en farmacias y 2,2% en autoservicios. Mayoristas tambi\u00e9n cayeron 0,9%.<\/p>\n\n\n\n<p>En cambio, comercio electr\u00f3nico y supermercados de cadena crecieron 5,2% y 2,2%, respectivamente.<\/p>\n\n\n\n<p>En comparaci\u00f3n interanual, el consumo creci\u00f3 4% en agosto, y en lo que va del a\u00f1o acumula un crecimiento de 1,2%.<\/p>\n\n\n\n<p>En agosto, las ventas de supermercados cayeron 5,1%, respecto de igual mes del a\u00f1o pasado, mientras que en el acumulado del a\u00f1o bajaron 5,4%. Tambi\u00e9n los mayoristas registraron un descenso de 8,1% interanual y 2,3% en lo que va de 2025.<\/p>\n\n\n\n<p>En cambio, el consumo en autoservicios independientes creci\u00f3 5,7% interanual, aunque de enero a agosto perdieron 2,3%.<\/p>\n\n\n\n<p>Almacenes y kioscos registraron un crecimiento de 10,3% interanual y un incremento de 8,8% en el acumulado de este a\u00f1o. Tambi\u00e9n las farmacias tuvieron una suba de 3,3% frente a agosto 2024 y  de 5,5% en el a\u00f1o.<\/p>\n\n\n\n<p>El comercio electr\u00f3nico fue el que tuvo el mayor crecimiento: +13,3% interanual y +10,2% este a\u00f1o.<\/p>\n","protected":false},"excerpt":{"rendered":"<p>El consumo masivo cay\u00f3 1,9% en agosto respecto del mes anterior, arrastrado por menores ventas en kioscos, almacenes y farmacias, de acuerdo con un relevamiento privado. La consultora Scentia relev\u00f3 una baja mensual de 1,9% en agosto, compuesta por una ca\u00edda de 4,4% en las ventas de kioscos y almacenes, 2,6% en farmacias y 2,2% [&hellip;]<\/p>\n","protected":false},"author":4,"featured_media":19071,"comment_status":"open","ping_status":"open","sticky":false,"template":"","format":"standard","meta":{"footnotes":""},"categories":[4],"tags":[],"_links":{"self":[{"href":"https:\/\/enlamira.info\/index.php\/wp-json\/wp\/v2\/posts\/19070"}],"collection":[{"href":"https:\/\/enlamira.info\/index.php\/wp-json\/wp\/v2\/posts"}],"about":[{"href":"https:\/\/enlamira.info\/index.php\/wp-json\/wp\/v2\/types\/post"}],"author":[{"embeddable":true,"href":"https:\/\/enlamira.info\/index.php\/wp-json\/wp\/v2\/users\/4"}],"replies":[{"embeddable":true,"href":"https:\/\/enlamira.info\/index.php\/wp-json\/wp\/v2\/comments?post=19070"}],"version-history":[{"count":1,"href":"https:\/\/enlamira.info\/index.php\/wp-json\/wp\/v2\/posts\/19070\/revisions"}],"predecessor-version":[{"id":19073,"href":"https:\/\/enlamira.info\/index.php\/wp-json\/wp\/v2\/posts\/19070\/revisions\/19073"}],"wp:featuredmedia":[{"embeddable":true,"href":"https:\/\/enlamira.info\/index.php\/wp-json\/wp\/v2\/media\/19071"}],"wp:attachment":[{"href":"https:\/\/enlamira.info\/index.php\/wp-json\/wp\/v2\/media?parent=19070"}],"wp:term":[{"taxonomy":"category","embeddable":true,"href":"https:\/\/enlamira.info\/index.php\/wp-json\/wp\/v2\/categories?post=19070"},{"taxonomy":"post_tag","embeddable":true,"href":"https:\/\/enlamira.info\/index.php\/wp-json\/wp\/v2\/tags?post=19070"}],"curies":[{"name":"wp","href":"https:\/\/api.w.org\/{rel}","templated":true}]}}