{"id":19057,"date":"2025-09-20T00:01:00","date_gmt":"2025-09-20T03:01:00","guid":{"rendered":"https:\/\/enlamira.info\/?p=19057"},"modified":"2025-09-19T23:07:09","modified_gmt":"2025-09-20T02:07:09","slug":"kicillof-recorrio-almirante-brown-y-denuncio-el-abandono-de-la-autopista-presidente-peron-por-parte-del-gobierno-nacional","status":"publish","type":"post","link":"https:\/\/enlamira.info\/index.php\/2025\/09\/20\/kicillof-recorrio-almirante-brown-y-denuncio-el-abandono-de-la-autopista-presidente-peron-por-parte-del-gobierno-nacional\/","title":{"rendered":"Kicillof recorri\u00f3 Almirante Brown y denunci\u00f3 el abandono de la Autopista Presidente Per\u00f3n por parte del Gobierno Nacional"},"content":{"rendered":"\n<p>El gobernador de la provincia de Buenos Aires, Axel Kicillof, recorri\u00f3 este viernes el municipio de Almirante Brown acompa\u00f1ado por el intendente local, Mariano Cascallares, y por el primer candidato a diputado nacional de Fuerza Patria, Jorge Taiana. La visita tuvo como eje la inspecci\u00f3n de la Autopista Presidente Per\u00f3n, cuya construcci\u00f3n se encuentra paralizada por el Gobierno Nacional.<\/p>\n\n\n\n<p>La obra, que abarca 83km y atraviesa doce municipios, permanece inconclusa desde fines de 2023, cuando se hab\u00edan terminado 52 kil\u00f3metros. Kicillof destac\u00f3 la importancia de la autopista para mejorar la conectividad, el tr\u00e1nsito urbano y la seguridad vial de m\u00e1s de 12 millones de personas en la regi\u00f3n. \u201cLa obra inconclusa de la Autopista Presidente Per\u00f3n es la imagen de la deserci\u00f3n del Gobierno Nacional\u201d, se\u00f1al\u00f3 el gobernador durante la recorrida.<\/p>\n\n\n\n<p>Adem\u00e1s, Kicillof vincul\u00f3 la situaci\u00f3n de la obra con la pr\u00f3xima elecci\u00f3n legislativa: \u201cYa dimos el primer paso en septiembre y ahora debemos dar otro mensaje muy importante en octubre. Vamos a ponerle un freno a Milei si contamos con diputados y diputadas que defiendan los derechos de los bonaerenses en el Congreso nacional; eso se logra eligiendo la boleta de Fuerza Patria\u201d.<\/p>\n\n\n\n<p>A la recorrida tambi\u00e9n asistieron los intendentes de Ezeiza, Gast\u00f3n Granados; y de San Vicente, Nicol\u00e1s Mantegazza; los diputados nacionales Daniel Gollan y Victoria Tolosa Paz; la dirigente Fernanda Mi\u00f1o; el subsecretario de Econom\u00eda Popular, Daniel Men\u00e9ndez; y funcionarios provinciales y municipales de la regi\u00f3n.<\/p>\n","protected":false},"excerpt":{"rendered":"<p>El gobernador de la provincia de Buenos Aires, Axel Kicillof, recorri\u00f3 este viernes el municipio de Almirante Brown acompa\u00f1ado por el intendente local, Mariano Cascallares, y por el primer candidato a diputado nacional de Fuerza Patria, Jorge Taiana. La visita tuvo como eje la inspecci\u00f3n de la Autopista Presidente Per\u00f3n, cuya construcci\u00f3n se encuentra paralizada [&hellip;]<\/p>\n","protected":false},"author":4,"featured_media":19059,"comment_status":"open","ping_status":"open","sticky":false,"template":"","format":"standard","meta":{"footnotes":""},"categories":[1],"tags":[1906,28,1055],"_links":{"self":[{"href":"https:\/\/enlamira.info\/index.php\/wp-json\/wp\/v2\/posts\/19057"}],"collection":[{"href":"https:\/\/enlamira.info\/index.php\/wp-json\/wp\/v2\/posts"}],"about":[{"href":"https:\/\/enlamira.info\/index.php\/wp-json\/wp\/v2\/types\/post"}],"author":[{"embeddable":true,"href":"https:\/\/enlamira.info\/index.php\/wp-json\/wp\/v2\/users\/4"}],"replies":[{"embeddable":true,"href":"https:\/\/enlamira.info\/index.php\/wp-json\/wp\/v2\/comments?post=19057"}],"version-history":[{"count":1,"href":"https:\/\/enlamira.info\/index.php\/wp-json\/wp\/v2\/posts\/19057\/revisions"}],"predecessor-version":[{"id":19062,"href":"https:\/\/enlamira.info\/index.php\/wp-json\/wp\/v2\/posts\/19057\/revisions\/19062"}],"wp:featuredmedia":[{"embeddable":true,"href":"https:\/\/enlamira.info\/index.php\/wp-json\/wp\/v2\/media\/19059"}],"wp:attachment":[{"href":"https:\/\/enlamira.info\/index.php\/wp-json\/wp\/v2\/media?parent=19057"}],"wp:term":[{"taxonomy":"category","embeddable":true,"href":"https:\/\/enlamira.info\/index.php\/wp-json\/wp\/v2\/categories?post=19057"},{"taxonomy":"post_tag","embeddable":true,"href":"https:\/\/enlamira.info\/index.php\/wp-json\/wp\/v2\/tags?post=19057"}],"curies":[{"name":"wp","href":"https:\/\/api.w.org\/{rel}","templated":true}]}}