{"id":1904,"date":"2024-03-25T11:23:56","date_gmt":"2024-03-25T14:23:56","guid":{"rendered":"https:\/\/enlamira.info\/?p=1904"},"modified":"2024-03-25T11:50:51","modified_gmt":"2024-03-25T14:50:51","slug":"graciela-fernandez-meijide-critico-el-spot-del-gobierno-es-un-video-prescindible-viejo-y-aburrido","status":"publish","type":"post","link":"https:\/\/enlamira.info\/index.php\/2024\/03\/25\/graciela-fernandez-meijide-critico-el-spot-del-gobierno-es-un-video-prescindible-viejo-y-aburrido\/","title":{"rendered":"Graciela Fern\u00e1ndez Meijide critic\u00f3 el spot del Gobierno: \u201cEs un video prescindible, viejo y aburrido\u201d"},"content":{"rendered":"\n<p>La referente de la lucha por los derechos humanos critic\u00f3 el video que public\u00f3 el gobierno de Javier Milei sobre el 24 de marzo.<\/p>\n\n\n\n<p>Graciela Fern\u00e1ndez\u00a0Meijide\u00a0expres\u00f3 sus cr\u00edticas al\u00a0video\u00a0que comparti\u00f3 el gobierno de Javier Milei del\u00a0D\u00eda de la\u00a0Memoria\u00a0este\u00a024 de marzo\u00a0y comparti\u00f3 su mirada sobre la idea de \u201cla verdad completa\u201d.<\/p>\n\n\n\n<p>As\u00ed, la integrante del Club Pol\u00edtico Argentino y una de las referencias obligadas respecto de la lucha por los derechos humanos cuestion\u00f3 que en el spot que film\u00f3 Santiago Or\u00eda -el documentalista personal de Mileik- aparecieran tanto Juan Bautista \u201cTata\u201d Yofre, como el ex guerrillero montonero Luis Labra\u00f1a.<\/p>\n\n\n\n<p>\u201cEl video es absolutamente prescindible, se lo mire por donde se lo mire. Es una cosa aburrida, vieja, antigua. Es un mal video comparado con la realidad de lo que fue la marcha\u201d, asegur\u00f3 la dirigente de derechos humanos, que mantuvo una posici\u00f3n cr\u00edtica respecto de la relaci\u00f3n que tuvieron las organizaciones como Madres y Abuelas de Plaza de Mayo con el kirchnerismo, tanto con N\u00e9stor como Cristina cuando fueron presidentes y despu\u00e9s.<\/p>\n\n\n\n<figure class=\"wp-block-embed is-type-rich is-provider-twitter wp-block-embed-twitter\"><div class=\"wp-block-embed__wrapper\">\n<blockquote class=\"twitter-tweet\" data-width=\"550\" data-dnt=\"true\"><p lang=\"es\" dir=\"ltr\">D\u00eda de la Memoria por la Verdad y la Justicia. Completa.<br><br> <a href=\"https:\/\/t.co\/SxcPQQkBZY\">pic.twitter.com\/SxcPQQkBZY<\/a><\/p>&mdash; Oficina del Presidente (@OPRArgentina) <a href=\"https:\/\/twitter.com\/OPRArgentina\/status\/1771910782428618896?ref_src=twsrc%5Etfw\">March 24, 2024<\/a><\/blockquote><script async src=\"https:\/\/platform.twitter.com\/widgets.js\" charset=\"utf-8\"><\/script>\n<\/div><\/figure>\n\n\n\n<p>En conmemoraci\u00f3n del D\u00eda de la\u00a0Memoria\u00a0por la Verdad y la Justicia, la Casa Rosada difundi\u00f3 un video en el cual no aparecen el presidente Javier\u00a0Milei\u00a0ni la vice Victoria\u00a0Villarruel. Bajo el lema \u201cD\u00eda de la Memoria por la Verdad y la Justicia. Completa\u201d, el material\u00a0pone en tela de juicio el n\u00famero de 30 mil desaparecidos y reitera la convocatoria al Pacto de Mayo, iniciativa impulsada por el mandatario Milei.<\/p>\n\n\n\n<p>El video destaca las\u00a0v\u00edctimas civiles de los atentados previos al golpe de Estado de 1976\u00a0y presenta testimonios como el del ex guerrillero de la organizaci\u00f3n Fuerzas Armadas Peronistas (FAP), Luis Labra\u00f1a, el exjefe de la SIDE en el menemismo, Juan Bautista \u201cTata\u201d Yofre, y la hija del capit\u00e1n Humberto Viola, asesinado por el ERP junto a su hija en Tucum\u00e1n.<\/p>\n\n\n\n<p>Para\u00a0Graciela Fern\u00e1ndez Meijide\u00a0\u201cla marcha fue buen\u00edsima, como hace mucho tiempo que no ten\u00edamos. M\u00e1s all\u00e1 de que la izquierda tuviera que esperar a que salieran los dem\u00e1s para entrar ellos, es decir, que hubo una conmemoraci\u00f3n dividida, pero la gente que fue independiente fue enorme, personas y familias que no estaban encuadradas en nada\u201d.<\/p>\n\n\n\n<p>\u201cHabr\u00eda que ver qu\u00e9 significaba eso, porque hace rato que no va tanta gente \u2018suelta\u2019, sin pertenencia pol\u00edtica o social definida\u201d, consider\u00f3 una de las integrantes m\u00e1s activas y de trabajo m\u00e1s comprometido de la Comisi\u00f3n Nacional sobre la Desaparici\u00f3n de Personas (CONADEP).<\/p>\n\n\n\n<p>\u201cEste hombre (por el presidente\u00a0Javier Milei) no sabe historia. Cuando\u00a0Ra\u00fal Alfons\u00edn\u00a0asumi\u00f3, orden\u00f3 primero la investigaci\u00f3n de los hechos y por eso se crea la\u00a0Conadep. Despu\u00e9s se avanz\u00f3 con el enjuiciamiento de las Fuerzas Armadas y tambi\u00e9n el enjuiciamiento de los jefes de las organizaciones guerrilleras armadas. Por eso estuvieron presos Mario Firmenich y Roberto Perd\u00eda, que muri\u00f3 la semana pas\u00f3\u201d, asegur\u00f3.<\/p>\n","protected":false},"excerpt":{"rendered":"<p>La referente de la lucha por los derechos humanos critic\u00f3 el video que public\u00f3 el gobierno de Javier Milei sobre el 24 de marzo. Graciela Fern\u00e1ndez\u00a0Meijide\u00a0expres\u00f3 sus cr\u00edticas al\u00a0video\u00a0que comparti\u00f3 el gobierno de Javier Milei del\u00a0D\u00eda de la\u00a0Memoria\u00a0este\u00a024 de marzo\u00a0y comparti\u00f3 su mirada sobre la idea de \u201cla verdad completa\u201d. As\u00ed, la integrante del Club [&hellip;]<\/p>\n","protected":false},"author":2,"featured_media":1907,"comment_status":"open","ping_status":"open","sticky":false,"template":"","format":"standard","meta":{"footnotes":""},"categories":[20],"tags":[],"_links":{"self":[{"href":"https:\/\/enlamira.info\/index.php\/wp-json\/wp\/v2\/posts\/1904"}],"collection":[{"href":"https:\/\/enlamira.info\/index.php\/wp-json\/wp\/v2\/posts"}],"about":[{"href":"https:\/\/enlamira.info\/index.php\/wp-json\/wp\/v2\/types\/post"}],"author":[{"embeddable":true,"href":"https:\/\/enlamira.info\/index.php\/wp-json\/wp\/v2\/users\/2"}],"replies":[{"embeddable":true,"href":"https:\/\/enlamira.info\/index.php\/wp-json\/wp\/v2\/comments?post=1904"}],"version-history":[{"count":2,"href":"https:\/\/enlamira.info\/index.php\/wp-json\/wp\/v2\/posts\/1904\/revisions"}],"predecessor-version":[{"id":1908,"href":"https:\/\/enlamira.info\/index.php\/wp-json\/wp\/v2\/posts\/1904\/revisions\/1908"}],"wp:featuredmedia":[{"embeddable":true,"href":"https:\/\/enlamira.info\/index.php\/wp-json\/wp\/v2\/media\/1907"}],"wp:attachment":[{"href":"https:\/\/enlamira.info\/index.php\/wp-json\/wp\/v2\/media?parent=1904"}],"wp:term":[{"taxonomy":"category","embeddable":true,"href":"https:\/\/enlamira.info\/index.php\/wp-json\/wp\/v2\/categories?post=1904"},{"taxonomy":"post_tag","embeddable":true,"href":"https:\/\/enlamira.info\/index.php\/wp-json\/wp\/v2\/tags?post=1904"}],"curies":[{"name":"wp","href":"https:\/\/api.w.org\/{rel}","templated":true}]}}