{"id":19035,"date":"2025-09-19T13:09:20","date_gmt":"2025-09-19T16:09:20","guid":{"rendered":"https:\/\/enlamira.info\/?p=19035"},"modified":"2025-09-19T13:09:20","modified_gmt":"2025-09-19T16:09:20","slug":"avellaneda-bajo-el-agua-el-comedor-comunitario-eva-peron-inundado","status":"publish","type":"post","link":"https:\/\/enlamira.info\/index.php\/2025\/09\/19\/avellaneda-bajo-el-agua-el-comedor-comunitario-eva-peron-inundado\/","title":{"rendered":"Avellaneda bajo el agua: el comedor comunitario Eva Per\u00f3n, inundado"},"content":{"rendered":"\n<p>Las intensas lluvias que afectan a <strong>Avellaneda y toda la zona sur del conurbano<\/strong> provocaron anegamientos y graves inconvenientes para vecinos y comedores comunitarios.<\/p>\n\n\n\n<p>Desde horas de la ma\u00f1ana llegaron im\u00e1genes de <strong>Bernal<\/strong>, mostrando calles totalmente cubiertas de agua. En <strong>Villa Tranquila (Avellaneda)<\/strong> la situaci\u00f3n es cr\u00edtica: el <strong>comedor comunitario Eva Per\u00f3n<\/strong>, perteneciente a la agrupaci\u00f3n pol\u00edtica del intendente Jorge Ferraresi, qued\u00f3 bajo el agua.<\/p>\n\n\n\n<p>El agua ingres\u00f3 tanto al exterior como al interior del comedor, imposibilitando su funcionamiento. All\u00ed trabajan <strong>cocineras sin sueldo municipal<\/strong>, que a pulm\u00f3n sostienen la alimentaci\u00f3n de decenas de chicos.<\/p>\n\n\n\n<p>Hoy, los ni\u00f1os no solo no pudieron llegar hasta el comedor por las calles inundadas, sino que adem\u00e1s el lugar no est\u00e1 en condiciones sanitarias m\u00ednimas para recibirlos:<\/p>\n\n\n\n<ul>\n<li>El agua se mezcla con desechos cloacales y basura, generando riesgo de <strong>infecciones y enfermedades<\/strong>.<\/li>\n\n\n\n<li>La contaminaci\u00f3n es evidente y, de no revertirse, puede convertirse en un <strong>caldo de cultivo para dengue y otras afecciones<\/strong>.<\/li>\n<\/ul>\n\n\n\n<p>A la emergencia del comedor se suma el pedido de una <strong>vecina de Villa Tranquila<\/strong>, que vive en condiciones muy precarias. Rosa, vecina del barrio, solicita la donaci\u00f3n de <strong>una cocinita el\u00e9ctrica<\/strong> para poder cocinar algo caliente para sus hijos, ya que su vivienda tambi\u00e9n est\u00e1 anegada y no cuenta con una cocina en condiciones.<\/p>\n\n\n\n<p>\ud83d\udc49 Para colaborar con Rosa, comunicarse al <strong>11 27 84 6024<\/strong>.<\/p>\n\n\n\n<p>Mientras tanto, los vecinos reclaman que las obras prometidas nunca llegan a los sectores m\u00e1s vulnerables. Como se\u00f1alan:<\/p>\n\n\n\n<blockquote class=\"wp-block-quote\">\n<p>\u201cVos conoc\u00e9s Roca y Est\u00e9vez, pero al fondo el intendente no llega. Las obras no llegan y nosotros seguimos viviendo bajo el agua\u201d.<\/p>\n<\/blockquote>\n\n\n\n<figure class=\"wp-block-embed is-type-video is-provider-youtube wp-block-embed-youtube wp-embed-aspect-16-9 wp-has-aspect-ratio\"><div class=\"wp-block-embed__wrapper\">\n<iframe loading=\"lazy\" title=\"El Comedor &quot;Eva Per\u00f3n&quot; bajo el Agua (Avellaneda)\" width=\"640\" height=\"360\" src=\"https:\/\/www.youtube.com\/embed\/ByCXnHXGmuw?feature=oembed\" frameborder=\"0\" allow=\"accelerometer; autoplay; clipboard-write; encrypted-media; gyroscope; picture-in-picture; web-share\" referrerpolicy=\"strict-origin-when-cross-origin\" allowfullscreen><\/iframe>\n<\/div><\/figure>\n","protected":false},"excerpt":{"rendered":"<p>Las intensas lluvias que afectan a Avellaneda y toda la zona sur del conurbano provocaron anegamientos y graves inconvenientes para vecinos y comedores comunitarios. Desde horas de la ma\u00f1ana llegaron im\u00e1genes de Bernal, mostrando calles totalmente cubiertas de agua. En Villa Tranquila (Avellaneda) la situaci\u00f3n es cr\u00edtica: el comedor comunitario Eva Per\u00f3n, perteneciente a la [&hellip;]<\/p>\n","protected":false},"author":4,"featured_media":19040,"comment_status":"open","ping_status":"open","sticky":false,"template":"","format":"standard","meta":{"footnotes":""},"categories":[1,34],"tags":[],"_links":{"self":[{"href":"https:\/\/enlamira.info\/index.php\/wp-json\/wp\/v2\/posts\/19035"}],"collection":[{"href":"https:\/\/enlamira.info\/index.php\/wp-json\/wp\/v2\/posts"}],"about":[{"href":"https:\/\/enlamira.info\/index.php\/wp-json\/wp\/v2\/types\/post"}],"author":[{"embeddable":true,"href":"https:\/\/enlamira.info\/index.php\/wp-json\/wp\/v2\/users\/4"}],"replies":[{"embeddable":true,"href":"https:\/\/enlamira.info\/index.php\/wp-json\/wp\/v2\/comments?post=19035"}],"version-history":[{"count":1,"href":"https:\/\/enlamira.info\/index.php\/wp-json\/wp\/v2\/posts\/19035\/revisions"}],"predecessor-version":[{"id":19041,"href":"https:\/\/enlamira.info\/index.php\/wp-json\/wp\/v2\/posts\/19035\/revisions\/19041"}],"wp:featuredmedia":[{"embeddable":true,"href":"https:\/\/enlamira.info\/index.php\/wp-json\/wp\/v2\/media\/19040"}],"wp:attachment":[{"href":"https:\/\/enlamira.info\/index.php\/wp-json\/wp\/v2\/media?parent=19035"}],"wp:term":[{"taxonomy":"category","embeddable":true,"href":"https:\/\/enlamira.info\/index.php\/wp-json\/wp\/v2\/categories?post=19035"},{"taxonomy":"post_tag","embeddable":true,"href":"https:\/\/enlamira.info\/index.php\/wp-json\/wp\/v2\/tags?post=19035"}],"curies":[{"name":"wp","href":"https:\/\/api.w.org\/{rel}","templated":true}]}}