{"id":18999,"date":"2025-09-17T14:27:19","date_gmt":"2025-09-17T17:27:19","guid":{"rendered":"https:\/\/enlamira.info\/?p=18999"},"modified":"2025-09-17T14:27:19","modified_gmt":"2025-09-17T17:27:19","slug":"avellaneda-denuncian-negocios-inmobiliarios-aprietes-a-vecinos-y-un-nuevo-puerto-madero-en-el-parque-del-rio","status":"publish","type":"post","link":"https:\/\/enlamira.info\/index.php\/2025\/09\/17\/avellaneda-denuncian-negocios-inmobiliarios-aprietes-a-vecinos-y-un-nuevo-puerto-madero-en-el-parque-del-rio\/","title":{"rendered":"Avellaneda: Denuncian negocios inmobiliarios, aprietes a vecinos y un Nuevo Puerto Madero en el Parque del R\u00edo"},"content":{"rendered":"\n<p><strong>Por Marcelo Brunwald \u2013 La Voz del Vecino<\/strong><\/p>\n\n\n\n<p>Volvemos a Avellaneda para contarles lo que est\u00e1 pasando detr\u00e1s de los proyectos que algunos presentan como planes \u201cproductivos y tur\u00edsticos\u201d. Esta vez, la historia se centra en la <strong>resonificaci\u00f3n aprobada en el Consejo del Liberante<\/strong>, que impactar\u00e1 directamente en la zona conocida como <strong>Parque del R\u00edo<\/strong>, la extensi\u00f3n del Parque Avellaneda hacia la calle Juan B. Justo y el arroyo Santo Domingo.<\/p>\n\n\n\n<figure class=\"wp-block-image size-large\"><img loading=\"lazy\" decoding=\"async\" width=\"819\" height=\"1024\" src=\"https:\/\/enlamira.info\/wp-content\/uploads\/2025\/09\/G1DHBeNWcAAZwWr-819x1024.jpg\" alt=\"\" class=\"wp-image-19012\" srcset=\"https:\/\/enlamira.info\/wp-content\/uploads\/2025\/09\/G1DHBeNWcAAZwWr-819x1024.jpg 819w, https:\/\/enlamira.info\/wp-content\/uploads\/2025\/09\/G1DHBeNWcAAZwWr-240x300.jpg 240w, https:\/\/enlamira.info\/wp-content\/uploads\/2025\/09\/G1DHBeNWcAAZwWr-768x960.jpg 768w, https:\/\/enlamira.info\/wp-content\/uploads\/2025\/09\/G1DHBeNWcAAZwWr-1229x1536.jpg 1229w, https:\/\/enlamira.info\/wp-content\/uploads\/2025\/09\/G1DHBeNWcAAZwWr.jpg 1280w\" sizes=\"(max-width: 819px) 100vw, 819px\" \/><\/figure>\n\n\n\n<p>Los vecinos que hist\u00f3ricamente denunciaron negocios inmobiliarios y aprietes por parte de sectores vinculados al poder local saben que nada de esto ocurre por casualidad. Hay un plan claro: avanzar sobre terrenos verdes, presionar a los propietarios para que vendan y transformar la zona en un <strong>negocio a medida de empresas gastron\u00f3micas y v\u00ednculos pol\u00edticos<\/strong>.<\/p>\n\n\n\n<p>Seg\u00fan relatos de los propios vecinos, los quinteros recibieron presiones directas para vender sus tierras, y empresarios gastron\u00f3micos locales fueron presionados por funcionarios del entorno pol\u00edtico del intendente para garantizar que ciertos proyectos prosperaran. Incluso se clausur\u00f3 el <strong>aut\u00f3dromo local<\/strong>, dejando a empleados sin trabajo, en un claro ejemplo de c\u00f3mo los intereses privados terminan afectando a la comunidad.<\/p>\n\n\n\n<figure class=\"wp-block-image size-large\"><img loading=\"lazy\" decoding=\"async\" width=\"819\" height=\"1024\" src=\"https:\/\/enlamira.info\/wp-content\/uploads\/2025\/09\/G1DHBeNWUAAHu-t-819x1024.jpg\" alt=\"\" class=\"wp-image-19013\" srcset=\"https:\/\/enlamira.info\/wp-content\/uploads\/2025\/09\/G1DHBeNWUAAHu-t-819x1024.jpg 819w, https:\/\/enlamira.info\/wp-content\/uploads\/2025\/09\/G1DHBeNWUAAHu-t-240x300.jpg 240w, https:\/\/enlamira.info\/wp-content\/uploads\/2025\/09\/G1DHBeNWUAAHu-t-768x960.jpg 768w, https:\/\/enlamira.info\/wp-content\/uploads\/2025\/09\/G1DHBeNWUAAHu-t-1229x1536.jpg 1229w, https:\/\/enlamira.info\/wp-content\/uploads\/2025\/09\/G1DHBeNWUAAHu-t.jpg 1280w\" sizes=\"(max-width: 819px) 100vw, 819px\" \/><\/figure>\n\n\n\n<p>Marcelo Brunwald explica:<\/p>\n\n\n\n<blockquote class=\"wp-block-quote\">\n<p>\u201cEsto es lo que yo llamo el Nuevo Puerto Madero de Avellaneda. Cemento por todos lados, negocios inmobiliarios, restaurantes y bares para un grupo reducido de empresarios amigos del poder, mientras los vecinos pagan el precio. Lo que prometen como social y tur\u00edstico, en realidad es un plan inmobiliario disfrazado de espacio verde y recreativo\u201d.<\/p>\n<\/blockquote>\n\n\n\n<p>El proyecto anunciado incluye la instalaci\u00f3n de <strong>vi\u00f1edos, bodega y embotelladora de vino<\/strong>, un <strong>restaurante gourmet<\/strong>, un <strong>parador caf\u00e9<\/strong> y un sector de <strong>food trucks<\/strong>, junto con senderos recreativos y miradores que permitir\u00edan avistamiento de flora y fauna. Tambi\u00e9n se prev\u00e9 la construcci\u00f3n de un <strong>muelle, \u00e1reas para kayak y bicicendas<\/strong>, y la instalaci\u00f3n de una <strong>oficina de turismo con talleres educativos y actividades ambientales<\/strong>.<\/p>\n\n\n\n<p>Sin embargo, Marcelo advierte que la infraestructura b\u00e1sica no acompa\u00f1a el proyecto:<\/p>\n\n\n\n<blockquote class=\"wp-block-quote\">\n<p>\u201cNo hay cloacas, no hay agua, no hay control de residuos ni redes de contenci\u00f3n. Todo se hace sobre un terreno sin servicios adecuados. Es un plan pensado para el negocio de unos pocos, mientras los vecinos y sus familias pagan las consecuencias\u201d.<\/p>\n\n\n\n<p>El plan tambi\u00e9n incluye un fuerte componente de presi\u00f3n sobre los vecinos y comerciantes:<\/p>\n<\/blockquote>\n\n\n\n<ul>\n<li>Los quinteros fueron presionados para vender sus terrenos a bajo costo.<\/li>\n\n\n\n<li>Los trabajadores del aut\u00f3dromo quedaron sin empleo tras su cierre.<\/li>\n\n\n\n<li>Los due\u00f1os de negocios gastron\u00f3micos cercanos al proyecto fueron intimidados para garantizar que ciertas operaciones se concretaran.<\/li>\n<\/ul>\n\n\n\n<p>Brunwald asegura que estas pr\u00e1cticas evidencian la falta de transparencia y el predominio de intereses privados sobre los comunitarios:<\/p>\n\n\n\n<blockquote class=\"wp-block-quote\">\n<p>\u201cDetr\u00e1s de cada anuncio de parque, recreaci\u00f3n o espacio tur\u00edstico, hay aprietes y favores a los amigos del poder. Esto no es progreso para los vecinos, es progreso para quienes manejan los negocios inmobiliarios y gastron\u00f3micos de la zona\u201d.<\/p>\n<\/blockquote>\n\n\n\n<figure class=\"wp-block-image size-large\"><img loading=\"lazy\" decoding=\"async\" width=\"819\" height=\"1024\" src=\"https:\/\/enlamira.info\/wp-content\/uploads\/2025\/09\/G1DHCfoW4AAo6_U-1-819x1024.jpg\" alt=\"\" class=\"wp-image-19014\" srcset=\"https:\/\/enlamira.info\/wp-content\/uploads\/2025\/09\/G1DHCfoW4AAo6_U-1-819x1024.jpg 819w, https:\/\/enlamira.info\/wp-content\/uploads\/2025\/09\/G1DHCfoW4AAo6_U-1-240x300.jpg 240w, https:\/\/enlamira.info\/wp-content\/uploads\/2025\/09\/G1DHCfoW4AAo6_U-1-768x960.jpg 768w, https:\/\/enlamira.info\/wp-content\/uploads\/2025\/09\/G1DHCfoW4AAo6_U-1-1229x1536.jpg 1229w, https:\/\/enlamira.info\/wp-content\/uploads\/2025\/09\/G1DHCfoW4AAo6_U-1.jpg 1280w\" sizes=\"(max-width: 819px) 100vw, 819px\" \/><\/figure>\n\n\n\n<p>Los vecinos afectados denuncian que esta situaci\u00f3n se desarrolla con <strong>total complicidad de algunos sectores del municipio y del gobierno provincial<\/strong>, quienes permiten que las obras y las resonificaciones avancen sin atender las necesidades b\u00e1sicas de la comunidad.<\/p>\n\n\n\n<p>Marcelo Brunwald tambi\u00e9n resalta que, aunque el proyecto se presenta como una oportunidad de desarrollo tur\u00edstico y recreativo, la realidad cotidiana de los vecinos es muy distinta:<\/p>\n\n\n\n<blockquote class=\"wp-block-quote\">\n<p>\u201cLa zona verde que queda se llena de cemento, se priorizan los negocios privados sobre los espacios p\u00fablicos, y los vecinos seguimos sin servicios b\u00e1sicos. Los ba\u00f1os no funcionan, el manejo de residuos es deficiente y la infraestructura no soporta el volumen de visitantes que buscan promover con este proyecto\u201d.<\/p>\n<\/blockquote>\n\n\n\n<p>En conclusi\u00f3n, lo que algunos intentan vender como progreso y desarrollo econ\u00f3mico es en realidad un plan que <strong>beneficia a empresarios cercanos al poder pol\u00edtico, desplaza a los vecinos y privatiza espacios p\u00fablicos<\/strong>, mientras se presiona, aprieta y condiciona a quienes no se alinean con estos intereses.<\/p>\n\n\n\n<blockquote class=\"wp-block-quote\">\n<p>\u201cAvellaneda crece, s\u00ed, pero el precio lo pagan los vecinos. Lo que llaman progreso es negocio para unos pocos, mientras los servicios b\u00e1sicos y el bienestar de la comunidad quedan en segundo plano. Esta es la realidad que queremos visibilizar, para que todos sepan c\u00f3mo se construyen estos proyectos detr\u00e1s de c\u00e1maras, con aprietes y complicidad pol\u00edtica\u201d, concluye Brunwald.<\/p>\n<\/blockquote>\n\n\n\n<hr class=\"wp-block-separator has-alpha-channel-opacity\"\/>\n\n\n\n<figure class=\"wp-block-embed is-type-video is-provider-youtube wp-block-embed-youtube wp-embed-aspect-16-9 wp-has-aspect-ratio\"><div class=\"wp-block-embed__wrapper\">\n<iframe loading=\"lazy\" title=\"AVELLANEDA: El nuevo pasaje Costero de Avellaneda\" width=\"640\" height=\"360\" src=\"https:\/\/www.youtube.com\/embed\/rY651j2eVxc?feature=oembed\" frameborder=\"0\" allow=\"accelerometer; autoplay; clipboard-write; encrypted-media; gyroscope; picture-in-picture; web-share\" referrerpolicy=\"strict-origin-when-cross-origin\" allowfullscreen><\/iframe>\n<\/div><\/figure>\n","protected":false},"excerpt":{"rendered":"<p>Por Marcelo Brunwald \u2013 La Voz del Vecino Volvemos a Avellaneda para contarles lo que est\u00e1 pasando detr\u00e1s de los proyectos que algunos presentan como planes \u201cproductivos y tur\u00edsticos\u201d. Esta vez, la historia se centra en la resonificaci\u00f3n aprobada en el Consejo del Liberante, que impactar\u00e1 directamente en la zona conocida como Parque del R\u00edo, [&hellip;]<\/p>\n","protected":false},"author":4,"featured_media":19000,"comment_status":"open","ping_status":"open","sticky":false,"template":"","format":"standard","meta":{"footnotes":""},"categories":[1,34],"tags":[],"_links":{"self":[{"href":"https:\/\/enlamira.info\/index.php\/wp-json\/wp\/v2\/posts\/18999"}],"collection":[{"href":"https:\/\/enlamira.info\/index.php\/wp-json\/wp\/v2\/posts"}],"about":[{"href":"https:\/\/enlamira.info\/index.php\/wp-json\/wp\/v2\/types\/post"}],"author":[{"embeddable":true,"href":"https:\/\/enlamira.info\/index.php\/wp-json\/wp\/v2\/users\/4"}],"replies":[{"embeddable":true,"href":"https:\/\/enlamira.info\/index.php\/wp-json\/wp\/v2\/comments?post=18999"}],"version-history":[{"count":1,"href":"https:\/\/enlamira.info\/index.php\/wp-json\/wp\/v2\/posts\/18999\/revisions"}],"predecessor-version":[{"id":19015,"href":"https:\/\/enlamira.info\/index.php\/wp-json\/wp\/v2\/posts\/18999\/revisions\/19015"}],"wp:featuredmedia":[{"embeddable":true,"href":"https:\/\/enlamira.info\/index.php\/wp-json\/wp\/v2\/media\/19000"}],"wp:attachment":[{"href":"https:\/\/enlamira.info\/index.php\/wp-json\/wp\/v2\/media?parent=18999"}],"wp:term":[{"taxonomy":"category","embeddable":true,"href":"https:\/\/enlamira.info\/index.php\/wp-json\/wp\/v2\/categories?post=18999"},{"taxonomy":"post_tag","embeddable":true,"href":"https:\/\/enlamira.info\/index.php\/wp-json\/wp\/v2\/tags?post=18999"}],"curies":[{"name":"wp","href":"https:\/\/api.w.org\/{rel}","templated":true}]}}