{"id":18998,"date":"2025-09-17T13:09:06","date_gmt":"2025-09-17T16:09:06","guid":{"rendered":"https:\/\/enlamira.info\/?p=18998"},"modified":"2025-09-17T13:09:06","modified_gmt":"2025-09-17T16:09:06","slug":"a-32-anos-del-derrame-toxico-en-avellaneda-la-justicia-confirma-indemnizaciones-pero-la-contaminacion-sigue","status":"publish","type":"post","link":"https:\/\/enlamira.info\/index.php\/2025\/09\/17\/a-32-anos-del-derrame-toxico-en-avellaneda-la-justicia-confirma-indemnizaciones-pero-la-contaminacion-sigue\/","title":{"rendered":"A 32 a\u00f1os del derrame t\u00f3xico en Avellaneda, la Justicia confirma indemnizaciones pero la contaminaci\u00f3n sigue"},"content":{"rendered":"\n<p><strong>La C\u00e1mara Federal de La Plata responsabiliz\u00f3 al Estado y a empresas privadas por la tragedia de 1993. Desde su programa <em>La Voz del Vecino<\/em>, el periodista Marcelo Brunwald denunci\u00f3 que, tres d\u00e9cadas despu\u00e9s, nada cambi\u00f3 en materia ambiental en Avellaneda.<\/strong><\/p>\n\n\n\n<p>El 27 de septiembre de 1993, Avellaneda vivi\u00f3 una tragedia que marc\u00f3 para siempre la memoria colectiva. En una vivienda de la calle 25 de Mayo 319, a metros de la Plaza Alsina, la inhalaci\u00f3n de gases t\u00f3xicos liberados en la red cloacal provoc\u00f3 la muerte de siete personas: cuatro integrantes de una familia y tres trabajadores de la salud que acudieron a socorrerlos.<\/p>\n\n\n\n<figure class=\"wp-block-image size-full is-resized\"><img loading=\"lazy\" decoding=\"async\" width=\"300\" height=\"168\" src=\"https:\/\/enlamira.info\/wp-content\/uploads\/2025\/09\/81edbd82-170d-4f70-86d8-a88cbec11161.jpg\" alt=\"\" class=\"wp-image-19003\" style=\"width:504px;height:auto\"\/><\/figure>\n\n\n\n<p>El hecho, originado por el vertido ilegal de sustancias qu\u00edmicas en galpones de la zona, deriv\u00f3 en la creaci\u00f3n del <strong>D\u00eda de la Conciencia Ambiental<\/strong>, que se conmemora cada 27 de septiembre en todo el pa\u00eds.<\/p>\n\n\n\n<hr class=\"wp-block-separator has-alpha-channel-opacity\"\/>\n\n\n\n<h2 class=\"wp-block-heading\">La sentencia, 32 a\u00f1os despu\u00e9s<\/h2>\n\n\n\n<p>Este 17 de septiembre de 2025, la <strong>C\u00e1mara Federal de La Plata<\/strong> confirm\u00f3 la indemnizaci\u00f3n a los familiares de las v\u00edctimas. El fallo distribuy\u00f3 responsabilidades de la siguiente manera:<\/p>\n\n\n\n<ul>\n<li><strong>Municipalidad de Avellaneda:<\/strong> 30%, por incumplir sus deberes de control.<\/li>\n\n\n\n<li><strong>Estado Nacional:<\/strong> 15%.<\/li>\n\n\n\n<li><strong>Provincia de Buenos Aires:<\/strong> 15%.<\/li>\n\n\n\n<li><strong>Aguas Argentinas:<\/strong> 5%, por no contar con un sistema de alerta frente a materiales t\u00f3xicos.<\/li>\n\n\n\n<li><strong>Empresas privadas (Transporte Garc\u00eda SRL y el dep\u00f3sito de Manuel S\u00e1nchez):<\/strong> el resto de la responsabilidad por haber vertido los qu\u00edmicos que generaron el gas letal.<\/li>\n<\/ul>\n\n\n\n<p>Pese a que algunos empresarios fueron procesados, ninguno cumpli\u00f3 condena efectiva: las causas penales prescribieron.<\/p>\n\n\n\n<hr class=\"wp-block-separator has-alpha-channel-opacity\"\/>\n\n\n\n<h2 class=\"wp-block-heading\">Marcelo Brunwald: \u201cEn 32 a\u00f1os nada cambi\u00f3\u201d<\/h2>\n\n\n\n<p>Desde su programa <em>La Voz del Vecino<\/em>, el periodista <strong>Marcelo Brunwald<\/strong> volvi\u00f3 a poner el tema en agenda, remarcando que la sentencia no resuelve el problema de fondo:<\/p>\n\n\n\n<blockquote class=\"wp-block-quote\">\n<p>\u201cDespu\u00e9s de 32 a\u00f1os, la Municipalidad de Avellaneda, la Provincia y la Naci\u00f3n siguen sin hacerse cargo de los derechos ambientales de los vecinos. Los mismos responsables de ayer son los que miran para otro lado hoy\u201d.<\/p>\n<\/blockquote>\n\n\n\n<p>Brunwald denunci\u00f3 que, en barrios como <strong>Sarand\u00ed y Dock Sud<\/strong>, la contaminaci\u00f3n es cotidiana y afecta la salud de miles de vecinos: curtiembres, destiler\u00edas y la empresa <strong>Trieco<\/strong>, se\u00f1alada por incinerar residuos a cielo abierto, operan con total impunidad.<\/p>\n\n\n\n<p>Adem\u00e1s, destac\u00f3 que activistas como <strong>Mar\u00eda Ducs<\/strong> enfrentan persecuciones y amenazas por visibilizar estas irregularidades.<\/p>\n\n\n\n<hr class=\"wp-block-separator has-alpha-channel-opacity\"\/>\n\n\n\n<h2 class=\"wp-block-heading\">Memoria, verdad y denuncia<\/h2>\n\n\n\n<p>La tragedia de 1993 no s\u00f3lo dej\u00f3 v\u00edctimas, sino que expuso de manera brutal la <strong>falta de controles ambientales<\/strong> y la complicidad entre organismos estatales y privados.<\/p>\n\n\n\n<p>El fallo de la C\u00e1mara Federal reconoce responsabilidades, pero tambi\u00e9n reabre un interrogante que persiste en Avellaneda: <strong>\u00bfcu\u00e1nto vale una vida y qu\u00e9 significa realmente el D\u00eda de la Conciencia Ambiental cuando la contaminaci\u00f3n contin\u00faa?<\/strong><\/p>\n\n\n\n<p>Treinta y dos a\u00f1os despu\u00e9s, el compromiso period\u00edstico de Marcelo Brunwald y <em>La Voz del Vecino<\/em> mantiene vivo el reclamo, recordando que sin control, sin justicia y sin pol\u00edticas serias, los vecinos siguen siendo las v\u00edctimas invisibles de la desidia ambiental.<\/p>\n\n\n\n<hr class=\"wp-block-separator has-alpha-channel-opacity\"\/>\n\n\n\n<figure class=\"wp-block-embed is-type-video is-provider-youtube wp-block-embed-youtube wp-embed-aspect-16-9 wp-has-aspect-ratio\"><div class=\"wp-block-embed__wrapper\">\n<iframe loading=\"lazy\" title=\"AVELLANEDA: 32 A\u00f1os despues, llego el fallo\" width=\"640\" height=\"360\" src=\"https:\/\/www.youtube.com\/embed\/90AWbUZLiho?feature=oembed\" frameborder=\"0\" allow=\"accelerometer; autoplay; clipboard-write; encrypted-media; gyroscope; picture-in-picture; web-share\" referrerpolicy=\"strict-origin-when-cross-origin\" allowfullscreen><\/iframe>\n<\/div><\/figure>\n","protected":false},"excerpt":{"rendered":"<p>La C\u00e1mara Federal de La Plata responsabiliz\u00f3 al Estado y a empresas privadas por la tragedia de 1993. Desde su programa La Voz del Vecino, el periodista Marcelo Brunwald denunci\u00f3 que, tres d\u00e9cadas despu\u00e9s, nada cambi\u00f3 en materia ambiental en Avellaneda. El 27 de septiembre de 1993, Avellaneda vivi\u00f3 una tragedia que marc\u00f3 para siempre [&hellip;]<\/p>\n","protected":false},"author":4,"featured_media":19001,"comment_status":"open","ping_status":"open","sticky":false,"template":"","format":"standard","meta":{"footnotes":""},"categories":[1,126,32,23,34],"tags":[],"_links":{"self":[{"href":"https:\/\/enlamira.info\/index.php\/wp-json\/wp\/v2\/posts\/18998"}],"collection":[{"href":"https:\/\/enlamira.info\/index.php\/wp-json\/wp\/v2\/posts"}],"about":[{"href":"https:\/\/enlamira.info\/index.php\/wp-json\/wp\/v2\/types\/post"}],"author":[{"embeddable":true,"href":"https:\/\/enlamira.info\/index.php\/wp-json\/wp\/v2\/users\/4"}],"replies":[{"embeddable":true,"href":"https:\/\/enlamira.info\/index.php\/wp-json\/wp\/v2\/comments?post=18998"}],"version-history":[{"count":1,"href":"https:\/\/enlamira.info\/index.php\/wp-json\/wp\/v2\/posts\/18998\/revisions"}],"predecessor-version":[{"id":19005,"href":"https:\/\/enlamira.info\/index.php\/wp-json\/wp\/v2\/posts\/18998\/revisions\/19005"}],"wp:featuredmedia":[{"embeddable":true,"href":"https:\/\/enlamira.info\/index.php\/wp-json\/wp\/v2\/media\/19001"}],"wp:attachment":[{"href":"https:\/\/enlamira.info\/index.php\/wp-json\/wp\/v2\/media?parent=18998"}],"wp:term":[{"taxonomy":"category","embeddable":true,"href":"https:\/\/enlamira.info\/index.php\/wp-json\/wp\/v2\/categories?post=18998"},{"taxonomy":"post_tag","embeddable":true,"href":"https:\/\/enlamira.info\/index.php\/wp-json\/wp\/v2\/tags?post=18998"}],"curies":[{"name":"wp","href":"https:\/\/api.w.org\/{rel}","templated":true}]}}