{"id":18992,"date":"2025-09-17T00:14:20","date_gmt":"2025-09-17T03:14:20","guid":{"rendered":"https:\/\/enlamira.info\/?p=18992"},"modified":"2025-09-17T00:14:20","modified_gmt":"2025-09-17T03:14:20","slug":"otermin-en-el-ex-pozo-de-banfield-lomas-no-olvida-que-secuestraron-y-torturaron-a-nuestros-companeros","status":"publish","type":"post","link":"https:\/\/enlamira.info\/index.php\/2025\/09\/17\/otermin-en-el-ex-pozo-de-banfield-lomas-no-olvida-que-secuestraron-y-torturaron-a-nuestros-companeros\/","title":{"rendered":"Oterm\u00edn, en el ex Pozo de Banfield: \u201cLomas no olvida que secuestraron y torturaron a nuestros compa\u00f1eros\u201d"},"content":{"rendered":"\n<p>El acto central por el 49\u00b0 Aniversario de La Noche de los L\u00e1pices, organizado por la Subsecretar\u00eda de DDHH del Ministerio de Justicia y Derechos Humanos de la provincia de Buenos Aires, la Municipalidad de Lomas de Zamora y la Mesa ex Pozo de Banfield, convoc\u00f3 a una multitud de j\u00f3venes. Se desarrollaron propuestas art\u00edsticas y estuvieron presentes el sobreviviente Pablo D\u00edaz junto a familiares y v\u00edctimas de la \u00faltima dictadura c\u00edvico militar, en el Espacio de Memoria y Promoci\u00f3n de los DDHH ubicado en Siciliano y Vernet, Villa Centenario, de Lomas de Zamora.<\/p>\n\n\n\n<p>La actividad se realiz\u00f3 en el marco del D\u00eda Nacional de la Juventud y cont\u00f3 con la presencia del ministro de Justicia y Derechos Humanos bonaerense, Juan Mart\u00edn Mena; la ministra de Ambiente, Daniela Vilar; el subsecretario de Derechos Humanos, Mat\u00edas Moreno y el intendente de Lomas de Zamora, Federico Otermin; el ex secretario de Derechos Humanos de la naci\u00f3n y candidato a diputado nacional, Horacio Pietregalla Corti; adem\u00e1s de la presencia del sobreviviente Pablo D\u00edaz, familiares de las v\u00edctimas y el nieto recuperado n\u00famero 133, Daniel Santucho Navajas que naci\u00f3 en cautiverio en el Pozo de Banfield. La presencia juvenil fue multitudinaria y desbordaron los stands institucionales de la Provincia y el municipio.<\/p>\n\n\n\n<p>Durante la jornada, la Mesa de Trabajo \u201cEx Pozo de Banfield\u201d y los j\u00f3venes de la Escuela N\u00b031 de la localidad llevaron adelante un streaming. Tambi\u00e9n se destacaron las presentaciones en vivo de diferentes expresiones art\u00edsticas.<\/p>\n\n\n\n<p>Promediando el acto se hizo entrega de legajos reparados por el Archivo Provincial de la Memoria a familiares de v\u00edctimas y sobrevivientes de la \u00faltima dictadura c\u00edvico militar detenidos en ese ex centro clandestino. Tambi\u00e9n se entregaron menciones a organizaciones civiles, docentes de Fines y artistas que donaron sus obras al Espacio de Memoria.<\/p>\n\n\n\n<p>Sobre el escenario, el ministro Juan Mart\u00edn Mena afirm\u00f3 \u201ces muy emocionante ver tantos pibes de 15 y 16 a\u00f1os. Creo que tenemos que hacer algo m\u00e1s humano, m\u00e1s justo\u2026 logrando esa conexi\u00f3n entre nosotros, los j\u00f3venes de hace 40 a\u00f1os y las pibas y los pibes de ahora: poder escucharlos, saber que est\u00e1n viviendo, que necesitan y esa conexi\u00f3n es nuestro principal aporte\u201d y resalt\u00f3 que \u201ccuando vi la ficha de Claudia Falcone donde se alertaba que ella ten\u00eda pensamiento cr\u00edtico y capacidad organizativa y eso era peligroso. El peligro que conlleva esa dos caracter\u00edsticas fue el objetivo del sistema represor, romper con esas dos caracter\u00edsticas\u201d.<\/p>\n\n\n\n<p>A su turno, el subsecretario de Derechos Humanos, Mat\u00edas Moreno resalt\u00f3 que \u201cM\u00e1s de 7 mil vecinas y vecinos de Lomas y alrededores pudieron hacer la visita guida en este Espacio de Memoria, donde tambi\u00e9n se dicta el Plan Fines que es nuestra manera de reivindicar a nuestros compa\u00f1eros de la Noche de los L\u00e1pices que fueron secuestrados. Hoy el gobierno provincial garantiza la terminalidad secundaria con pol\u00edticas p\u00fablicas con lo cual reivindicamos a esos compa\u00f1eros que hoy no est\u00e1n pero que siguen insoportablemente vivos\u201d y agreg\u00f3 que \u201cSi hoy las pol\u00edticas de Memoria, Verdad y Justicia son una realidad efectiva es gracias a la lucha de los organismos de Derechos Humanos pero sobre todo a la decisi\u00f3n pol\u00edtica que tuvo N\u00e9stor y que despu\u00e9s reforz\u00f3 Cristina de poner las pol\u00edticas de Memoria, Verdad y Justicia como garant\u00eda, repetici\u00f3n y transversalidad de las pol\u00edticas p\u00fablicas convirtiendo a nuestro pa\u00eds en un ejemplo a nivel internacional de c\u00f3mo pudimos tramitar ese pasado traum\u00e1tico reciente y que hoy son patrimonio de toda la sociedad\u201d.<\/p>\n\n\n\n<p>Por su parte, Pablo D\u00edaz, afirm\u00f3 que \u201cEn este centro de horror me enamor\u00e9 de Claudia\u2026 Nosotros habl\u00e1bamos que afuera \u00edbamos a seguir militando, que \u00edbamos a tomar cerveza en la plaza\u2026 La Memoria es la identidad que hoy tienen ustedes y hoy ustedes son nosotros. A mis compa\u00f1eros los extra\u00f1o, los tengo presente en cada charla\u201d.<\/p>\n\n\n\n<p>El intendente de Lomas de Zamora, Federico Otermin que se\u00f1al\u00f3 que \u201cEs muy emocionante estar hoy ac\u00e1. Lomas no olvida que secuestraron y torturaron a nuestras compa\u00f1eras y compa\u00f1eros. Los desaparecieron para eliminar cualquier vestigio de lucha popular para hacer un programa econ\u00f3mico anti argentino, a favor del FMI y a costa del pueblo\u201d.<\/p>\n\n\n\n<p>La coordinadora del Espacio para la Memoria ex Pozo de Banfield, Juana Eva Campero, destac\u00f3 que \u201cNos cost\u00f3 mucho tiempo que este Espacio sea reconocido como Espacio de Memoria, siempre fue un pozo, el Pozo pero hoy aqu\u00ed despu\u00e9s de tanta lucha promocionamos y difundimos los Derechos Humanos con vida, amor y resistencia. Ac\u00e1 levantamos las banderas de Memoria, Verdad y Justicia\u201d.<\/p>\n\n\n\n<p>Antes del cierre el candidato a diputado nacional, Horacio Pietragalla Corti asever\u00f3 que \u201cNo nos tenemos que olvidar que ac\u00e1, todav\u00eda en democracia y por la impunidad que hab\u00eda, segu\u00eda funcionando las fuerzas policiales. Reci\u00e9n en mayo del 2003 cuando asume N\u00e9stor pudimos cambiar todas las pol\u00edticas de impunidad. Estamos en un escenario nacional donde las pol\u00edticas de Derechos Humanos est\u00e1n siendo vapuleadas por el gobierno, pero con la frase Kirchnerismo Nunca M\u00e1s les sali\u00f3 el tiro por la culata con la sociedad\u201d.<\/p>\n\n\n\n<p>Tras la finalizaci\u00f3n del acto se realiz\u00f3 un recorrido por el Espacio donde se proyectaron los trabajos del programa Futuro Memoria de los j\u00f3venes de Lomas, se observaron videos, una muestra gr\u00e1fica y se visitaron las celdas y los calabozos.<\/p>\n","protected":false},"excerpt":{"rendered":"<p>El acto central por el 49\u00b0 Aniversario de La Noche de los L\u00e1pices, organizado por la Subsecretar\u00eda de DDHH del Ministerio de Justicia y Derechos Humanos de la provincia de Buenos Aires, la Municipalidad de Lomas de Zamora y la Mesa ex Pozo de Banfield, convoc\u00f3 a una multitud de j\u00f3venes. Se desarrollaron propuestas art\u00edsticas [&hellip;]<\/p>\n","protected":false},"author":4,"featured_media":18989,"comment_status":"open","ping_status":"open","sticky":false,"template":"","format":"standard","meta":{"footnotes":""},"categories":[1],"tags":[1915,28],"_links":{"self":[{"href":"https:\/\/enlamira.info\/index.php\/wp-json\/wp\/v2\/posts\/18992"}],"collection":[{"href":"https:\/\/enlamira.info\/index.php\/wp-json\/wp\/v2\/posts"}],"about":[{"href":"https:\/\/enlamira.info\/index.php\/wp-json\/wp\/v2\/types\/post"}],"author":[{"embeddable":true,"href":"https:\/\/enlamira.info\/index.php\/wp-json\/wp\/v2\/users\/4"}],"replies":[{"embeddable":true,"href":"https:\/\/enlamira.info\/index.php\/wp-json\/wp\/v2\/comments?post=18992"}],"version-history":[{"count":1,"href":"https:\/\/enlamira.info\/index.php\/wp-json\/wp\/v2\/posts\/18992\/revisions"}],"predecessor-version":[{"id":18993,"href":"https:\/\/enlamira.info\/index.php\/wp-json\/wp\/v2\/posts\/18992\/revisions\/18993"}],"wp:featuredmedia":[{"embeddable":true,"href":"https:\/\/enlamira.info\/index.php\/wp-json\/wp\/v2\/media\/18989"}],"wp:attachment":[{"href":"https:\/\/enlamira.info\/index.php\/wp-json\/wp\/v2\/media?parent=18992"}],"wp:term":[{"taxonomy":"category","embeddable":true,"href":"https:\/\/enlamira.info\/index.php\/wp-json\/wp\/v2\/categories?post=18992"},{"taxonomy":"post_tag","embeddable":true,"href":"https:\/\/enlamira.info\/index.php\/wp-json\/wp\/v2\/tags?post=18992"}],"curies":[{"name":"wp","href":"https:\/\/api.w.org\/{rel}","templated":true}]}}