{"id":18908,"date":"2025-09-12T15:19:52","date_gmt":"2025-09-12T18:19:52","guid":{"rendered":"https:\/\/enlamira.info\/?p=18908"},"modified":"2025-09-12T15:31:05","modified_gmt":"2025-09-12T18:31:05","slug":"a-cinco-anos-de-su-asuncion-recordamos-la-primera-entrevista-con-el-obispo-maxi","status":"publish","type":"post","link":"https:\/\/enlamira.info\/index.php\/2025\/09\/12\/a-cinco-anos-de-su-asuncion-recordamos-la-primera-entrevista-con-el-obispo-maxi\/","title":{"rendered":"A 4 a\u00f1os de su asunci\u00f3n: recordamos la primera entrevista con el obispo Maxi"},"content":{"rendered":"\n<p>En el d\u00eda de su cumplea\u00f1os, desde <strong>Impacto Sur<\/strong> queremos rendir un merecido homenaje al <strong>obispo Marcelo \u201cMaxi\u201d Margni<\/strong>, l\u00edder espiritual de la di\u00f3cesis de Avellaneda\u2013Lan\u00fas y un referente de cercan\u00eda y humildad.<\/p>\n\n\n\n<p>Tuve la oportunidad de conocerlo personalmente y puedo decir que es un ser humano excepcional: accesible, cercano y genuino. Un verdadero \u201cpastor con olor a ovejas\u201d, como lo describe el Papa Francisco, que lleva la Iglesia a la calle, caminando junto a quienes m\u00e1s lo necesitan y escuchando con atenci\u00f3n los desaf\u00edos de cada barrio.<\/p>\n\n\n\n<figure class=\"wp-block-image size-full\"><img loading=\"lazy\" decoding=\"async\" width=\"275\" height=\"184\" src=\"https:\/\/enlamira.info\/wp-content\/uploads\/2025\/09\/images-23.jpg\" alt=\"\" class=\"wp-image-18922\"\/><\/figure>\n\n\n\n<figure class=\"wp-block-image size-full\"><img loading=\"lazy\" decoding=\"async\" width=\"880\" height=\"512\" src=\"https:\/\/enlamira.info\/wp-content\/uploads\/2025\/09\/84849f7ce8e218e87f03dbaf1b2c359c71b2f021.jpg\" alt=\"\" class=\"wp-image-18923\" srcset=\"https:\/\/enlamira.info\/wp-content\/uploads\/2025\/09\/84849f7ce8e218e87f03dbaf1b2c359c71b2f021.jpg 880w, https:\/\/enlamira.info\/wp-content\/uploads\/2025\/09\/84849f7ce8e218e87f03dbaf1b2c359c71b2f021-300x175.jpg 300w, https:\/\/enlamira.info\/wp-content\/uploads\/2025\/09\/84849f7ce8e218e87f03dbaf1b2c359c71b2f021-768x447.jpg 768w\" sizes=\"(max-width: 880px) 100vw, 880px\" \/><\/figure>\n\n\n\n<p>Hace casi cinco a\u00f1os, cuando a\u00fan estaba en transici\u00f3n entre Quilmes y su llegada a Avellaneda, nos concedi\u00f3 su <strong>primera entrevista local<\/strong>. En aquella charla \u00edntima comparti\u00f3 su historia de vida, sus ra\u00edces familiares, los momentos que marcaron su vocaci\u00f3n y, sobre todo, los pilares que so\u00f1aba establecer en su labor pastoral: cercan\u00eda, acompa\u00f1amiento a los j\u00f3venes, fortalecimiento de las familias y apoyo a quienes atraviesan dificultades.<\/p>\n\n\n\n<figure class=\"wp-block-image size-large\"><img loading=\"lazy\" decoding=\"async\" width=\"1024\" height=\"682\" src=\"https:\/\/enlamira.info\/wp-content\/uploads\/2025\/09\/F_fPn4JWcAAtrfk-1024x682.jpg\" alt=\"\" class=\"wp-image-18924\" srcset=\"https:\/\/enlamira.info\/wp-content\/uploads\/2025\/09\/F_fPn4JWcAAtrfk-1024x682.jpg 1024w, https:\/\/enlamira.info\/wp-content\/uploads\/2025\/09\/F_fPn4JWcAAtrfk-300x200.jpg 300w, https:\/\/enlamira.info\/wp-content\/uploads\/2025\/09\/F_fPn4JWcAAtrfk-768x512.jpg 768w, https:\/\/enlamira.info\/wp-content\/uploads\/2025\/09\/F_fPn4JWcAAtrfk.jpg 1280w\" sizes=\"(max-width: 1024px) 100vw, 1024px\" \/><\/figure>\n\n\n\n<p>Aquella entrevista, que hoy vuelve a cobrar valor, refleja no solo su profundo testimonio de fe, sino tambi\u00e9n su visi\u00f3n de una Iglesia activa, comprometida con la comunidad y con la transformaci\u00f3n de la sociedad desde la solidaridad y la esperanza. Maxi recordaba con emoci\u00f3n sus primeros pasos en la pastoral juvenil y c\u00f3mo cada encuentro con la gente reafirmaba su camino: la fe, dec\u00eda, no se construye solo en los templos, sino en la vida cotidiana, en los barrios, en las calles y en los hogares.<\/p>\n\n\n\n<figure class=\"wp-block-image size-full\"><img loading=\"lazy\" decoding=\"async\" width=\"219\" height=\"231\" src=\"https:\/\/enlamira.info\/wp-content\/uploads\/2025\/09\/images-22.jpg\" alt=\"\" class=\"wp-image-18925\"\/><\/figure>\n\n\n\n<p>Volver a escuchar sus palabras es tambi\u00e9n un recordatorio de que, incluso en medio de crisis sociales, econ\u00f3micas o espirituales, siempre hay espacio para la fraternidad, para tender puentes y para trabajar juntos por una sociedad m\u00e1s justa y humana. Su mensaje es claro: los v\u00ednculos y la solidaridad son la verdadera riqueza de la vida.<\/p>\n\n\n\n<figure class=\"wp-block-image size-full\"><img loading=\"lazy\" decoding=\"async\" width=\"300\" height=\"168\" src=\"https:\/\/enlamira.info\/wp-content\/uploads\/2025\/09\/Gs2LvGbWUAEvVES.jpg\" alt=\"\" class=\"wp-image-18927\"\/><\/figure>\n\n\n\n<p>Pod\u00e9s ver la entrevista completa en nuestro portal: <a href=\"http:\/\/www.impactosur.com.ar\/\">www.impactosur.com.ar<\/a><br> Tambi\u00e9n en nuestro canal de YouTube: busc\u00e1 <em>Impacto Sur<\/em>, suscribite y activ\u00e1 la campanita para recibir todas las novedades.<\/p>\n\n\n\n<p>En este d\u00eda especial, nuestro saludo y reconocimiento al <strong>obispo Maxi<\/strong>, agradeci\u00e9ndole por su cercan\u00eda, su ejemplo y por guiarnos con la fe vivida en la calle y en el coraz\u00f3n de cada vecino.<\/p>\n\n\n\n<figure class=\"wp-block-embed is-type-video is-provider-youtube wp-block-embed-youtube wp-embed-aspect-16-9 wp-has-aspect-ratio\"><div class=\"wp-block-embed__wrapper\">\n<iframe loading=\"lazy\" title=\"Entrevista: Obispo (Avellaneda-Lan\u00fas) Marcelo Juli\u00e1n (Maxi) Margni\" width=\"640\" height=\"360\" src=\"https:\/\/www.youtube.com\/embed\/PrOJa9tX8D8?feature=oembed\" frameborder=\"0\" allow=\"accelerometer; autoplay; clipboard-write; encrypted-media; gyroscope; picture-in-picture; web-share\" referrerpolicy=\"strict-origin-when-cross-origin\" allowfullscreen><\/iframe>\n<\/div><\/figure>\n","protected":false},"excerpt":{"rendered":"<p>En el d\u00eda de su cumplea\u00f1os, desde Impacto Sur queremos rendir un merecido homenaje al obispo Marcelo \u201cMaxi\u201d Margni, l\u00edder espiritual de la di\u00f3cesis de Avellaneda\u2013Lan\u00fas y un referente de cercan\u00eda y humildad. Tuve la oportunidad de conocerlo personalmente y puedo decir que es un ser humano excepcional: accesible, cercano y genuino. Un verdadero \u201cpastor [&hellip;]<\/p>\n","protected":false},"author":4,"featured_media":18926,"comment_status":"open","ping_status":"open","sticky":false,"template":"","format":"standard","meta":{"footnotes":""},"categories":[1,34],"tags":[],"_links":{"self":[{"href":"https:\/\/enlamira.info\/index.php\/wp-json\/wp\/v2\/posts\/18908"}],"collection":[{"href":"https:\/\/enlamira.info\/index.php\/wp-json\/wp\/v2\/posts"}],"about":[{"href":"https:\/\/enlamira.info\/index.php\/wp-json\/wp\/v2\/types\/post"}],"author":[{"embeddable":true,"href":"https:\/\/enlamira.info\/index.php\/wp-json\/wp\/v2\/users\/4"}],"replies":[{"embeddable":true,"href":"https:\/\/enlamira.info\/index.php\/wp-json\/wp\/v2\/comments?post=18908"}],"version-history":[{"count":4,"href":"https:\/\/enlamira.info\/index.php\/wp-json\/wp\/v2\/posts\/18908\/revisions"}],"predecessor-version":[{"id":18931,"href":"https:\/\/enlamira.info\/index.php\/wp-json\/wp\/v2\/posts\/18908\/revisions\/18931"}],"wp:featuredmedia":[{"embeddable":true,"href":"https:\/\/enlamira.info\/index.php\/wp-json\/wp\/v2\/media\/18926"}],"wp:attachment":[{"href":"https:\/\/enlamira.info\/index.php\/wp-json\/wp\/v2\/media?parent=18908"}],"wp:term":[{"taxonomy":"category","embeddable":true,"href":"https:\/\/enlamira.info\/index.php\/wp-json\/wp\/v2\/categories?post=18908"},{"taxonomy":"post_tag","embeddable":true,"href":"https:\/\/enlamira.info\/index.php\/wp-json\/wp\/v2\/tags?post=18908"}],"curies":[{"name":"wp","href":"https:\/\/api.w.org\/{rel}","templated":true}]}}