{"id":18907,"date":"2025-09-12T15:39:55","date_gmt":"2025-09-12T18:39:55","guid":{"rendered":"https:\/\/enlamira.info\/?p=18907"},"modified":"2025-09-12T15:39:55","modified_gmt":"2025-09-12T18:39:55","slug":"aviso-de-cortes-de-agua-en-avellaneda-y-lanus-plan-de-mejoras-y-mantenimiento","status":"publish","type":"post","link":"https:\/\/enlamira.info\/index.php\/2025\/09\/12\/aviso-de-cortes-de-agua-en-avellaneda-y-lanus-plan-de-mejoras-y-mantenimiento\/","title":{"rendered":"Aviso de cortes de agua en Avellaneda y Lan\u00fas: plan de mejoras y mantenimiento"},"content":{"rendered":"\n<p>Este viernes, <strong>Impacto Sur<\/strong> informa a los vecinos sobre los pr\u00f3ximos cortes de agua que se realizar\u00e1n en <strong>Avellaneda y Lan\u00fas<\/strong>, como parte de un plan integral de mejora y mantenimiento de la red de agua potable.<\/p>\n\n\n\n<p>Seg\u00fan inform\u00f3 <strong>ISA<\/strong>, las intervenciones tienen como objetivo <strong>optimizar la distribuci\u00f3n y garantizar un servicio de mayor calidad<\/strong>. La empresa agradece la colaboraci\u00f3n de los vecinos y recuerda que estos trabajos son temporales.<\/p>\n\n\n\n<h2 class=\"wp-block-heading\">Detalles de los cortes<\/h2>\n\n\n\n<p><strong>Lan\u00fas Oeste:<\/strong><\/p>\n\n\n\n<ul>\n<li>D\u00edas: martes 16, mi\u00e9rcoles 17 y jueves 18 de septiembre.<\/li>\n\n\n\n<li>Horario: de 8:00 a 18:00.<\/li>\n\n\n\n<li>Zona afectada: \u00e1rea delimitada por las calles <strong>Estados Unidos, General Ornos, Avenida 25 de Mayo, Coronel Osorio y Avenida Carlos Pellegrini<\/strong>.<\/li>\n<\/ul>\n\n\n\n<p><strong>Avellaneda Centro:<\/strong><\/p>\n\n\n\n<ul>\n<li>D\u00edas: martes 16, mi\u00e9rcoles 17, jueves 18 y viernes 19 de septiembre.<\/li>\n\n\n\n<li>Horario: de 8:00 a 18:00.<\/li>\n\n\n\n<li>Sector afectado: comprendido por las calles <strong>12 de Octubre, Ameghino, 25 de Mayo y Avenida Roca<\/strong>.<\/li>\n<\/ul>\n\n\n\n<h2 class=\"wp-block-heading\">Consultas y reclamos<\/h2>\n\n\n\n<p>Los usuarios pueden realizar <strong>consultas o reclamos<\/strong> a trav\u00e9s de los siguientes canales:<\/p>\n\n\n\n<ul>\n<li><strong>WhatsApp:<\/strong> 11 5984-5794<\/li>\n\n\n\n<li><strong>Instagram:<\/strong> <a href=\"https:\/\/www.instagram.com\/isa.oficial\">@isa.oficial<\/a><\/li>\n\n\n\n<li><strong>Facebook:<\/strong> ISA Argentina<\/li>\n\n\n\n<li><strong>Tel\u00e9fono:<\/strong> 0800 321 2482 (de 6 a 24 horas)<\/li>\n<\/ul>\n\n\n\n<p>ISA solicita <strong>paciencia y comprensi\u00f3n<\/strong> a los vecinos durante estas jornadas de trabajos, que buscan mejorar la calidad del servicio en la regi\u00f3n.<\/p>\n\n\n\n<figure class=\"wp-block-embed is-type-video is-provider-youtube wp-block-embed-youtube wp-embed-aspect-16-9 wp-has-aspect-ratio\"><div class=\"wp-block-embed__wrapper\">\n<iframe loading=\"lazy\" title=\"ANUNCIOS: Aysa comunica, falta de suministro y cortes programados por arreglos.\" width=\"640\" height=\"360\" src=\"https:\/\/www.youtube.com\/embed\/BkpR88lDJ6c?feature=oembed\" frameborder=\"0\" allow=\"accelerometer; autoplay; clipboard-write; encrypted-media; gyroscope; picture-in-picture; web-share\" referrerpolicy=\"strict-origin-when-cross-origin\" allowfullscreen><\/iframe>\n<\/div><\/figure>\n","protected":false},"excerpt":{"rendered":"<p>Este viernes, Impacto Sur informa a los vecinos sobre los pr\u00f3ximos cortes de agua que se realizar\u00e1n en Avellaneda y Lan\u00fas, como parte de un plan integral de mejora y mantenimiento de la red de agua potable. Seg\u00fan inform\u00f3 ISA, las intervenciones tienen como objetivo optimizar la distribuci\u00f3n y garantizar un servicio de mayor calidad. [&hellip;]<\/p>\n","protected":false},"author":4,"featured_media":18932,"comment_status":"open","ping_status":"open","sticky":false,"template":"","format":"standard","meta":{"footnotes":""},"categories":[1,34],"tags":[],"_links":{"self":[{"href":"https:\/\/enlamira.info\/index.php\/wp-json\/wp\/v2\/posts\/18907"}],"collection":[{"href":"https:\/\/enlamira.info\/index.php\/wp-json\/wp\/v2\/posts"}],"about":[{"href":"https:\/\/enlamira.info\/index.php\/wp-json\/wp\/v2\/types\/post"}],"author":[{"embeddable":true,"href":"https:\/\/enlamira.info\/index.php\/wp-json\/wp\/v2\/users\/4"}],"replies":[{"embeddable":true,"href":"https:\/\/enlamira.info\/index.php\/wp-json\/wp\/v2\/comments?post=18907"}],"version-history":[{"count":1,"href":"https:\/\/enlamira.info\/index.php\/wp-json\/wp\/v2\/posts\/18907\/revisions"}],"predecessor-version":[{"id":18933,"href":"https:\/\/enlamira.info\/index.php\/wp-json\/wp\/v2\/posts\/18907\/revisions\/18933"}],"wp:featuredmedia":[{"embeddable":true,"href":"https:\/\/enlamira.info\/index.php\/wp-json\/wp\/v2\/media\/18932"}],"wp:attachment":[{"href":"https:\/\/enlamira.info\/index.php\/wp-json\/wp\/v2\/media?parent=18907"}],"wp:term":[{"taxonomy":"category","embeddable":true,"href":"https:\/\/enlamira.info\/index.php\/wp-json\/wp\/v2\/categories?post=18907"},{"taxonomy":"post_tag","embeddable":true,"href":"https:\/\/enlamira.info\/index.php\/wp-json\/wp\/v2\/tags?post=18907"}],"curies":[{"name":"wp","href":"https:\/\/api.w.org\/{rel}","templated":true}]}}