{"id":18906,"date":"2025-09-12T14:56:26","date_gmt":"2025-09-12T17:56:26","guid":{"rendered":"https:\/\/enlamira.info\/?p=18906"},"modified":"2025-09-12T15:04:02","modified_gmt":"2025-09-12T18:04:02","slug":"una-vecina-de-avellaneda-pide-ayuda-para-salvar-a-su-perrita-laica","status":"publish","type":"post","link":"https:\/\/enlamira.info\/index.php\/2025\/09\/12\/una-vecina-de-avellaneda-pide-ayuda-para-salvar-a-su-perrita-laica\/","title":{"rendered":"Una vecina de Avellaneda pide ayuda para salvar a su perrita Laica"},"content":{"rendered":"\n<p>La historia de <strong>Laica<\/strong>, una cachorrita rescatada hace pocos meses en Avellaneda, conmovi\u00f3 a todo el barrio. Su due\u00f1a, <strong>Luana Orquera<\/strong>, cont\u00f3 en di\u00e1logo con <em>La Voz del Vecino<\/em> c\u00f3mo la perrita se escap\u00f3 de su casa y apareci\u00f3 con la mand\u00edbula rota tras una brutal agresi\u00f3n.<\/p>\n\n\n\n<blockquote class=\"wp-block-quote\">\n<p>\u201cLa encontramos llena de sangre, gritando del dolor. No sab\u00edamos si iba a sobrevivir\u201d, relat\u00f3 entre l\u00e1grimas Luana.<\/p>\n<\/blockquote>\n\n\n\n<figure class=\"wp-block-image size-large\"><img loading=\"lazy\" decoding=\"async\" width=\"576\" height=\"1024\" src=\"https:\/\/enlamira.info\/wp-content\/uploads\/2025\/09\/9813de19-22da-48c8-97a4-ebf1c10d35a3-576x1024.jpg\" alt=\"\" class=\"wp-image-18916\" srcset=\"https:\/\/enlamira.info\/wp-content\/uploads\/2025\/09\/9813de19-22da-48c8-97a4-ebf1c10d35a3-576x1024.jpg 576w, https:\/\/enlamira.info\/wp-content\/uploads\/2025\/09\/9813de19-22da-48c8-97a4-ebf1c10d35a3-169x300.jpg 169w, https:\/\/enlamira.info\/wp-content\/uploads\/2025\/09\/9813de19-22da-48c8-97a4-ebf1c10d35a3-768x1365.jpg 768w, https:\/\/enlamira.info\/wp-content\/uploads\/2025\/09\/9813de19-22da-48c8-97a4-ebf1c10d35a3-864x1536.jpg 864w, https:\/\/enlamira.info\/wp-content\/uploads\/2025\/09\/9813de19-22da-48c8-97a4-ebf1c10d35a3.jpg 900w\" sizes=\"(max-width: 576px) 100vw, 576px\" \/><\/figure>\n\n\n\n<p>La vecina explic\u00f3 que debi\u00f3 peregrinar por distintos centros veterinarios municipales y privados en busca de atenci\u00f3n urgente. En zoonosis Avellaneda la recibieron, pero no contaban con traumat\u00f3logo ni equipo para hacer placas. Desesperada, Luana termin\u00f3 sacando un pr\u00e9stamo y gastando <strong>m\u00e1s de 80 mil pesos<\/strong> en estudios y medicamentos.<\/p>\n\n\n\n<p>Gracias a la ayuda de vecinos y amigos que organizaron rifas, Laica pudo ser derivada a la Facultad de Veterinaria de la UBA, donde ser\u00e1 operada. Sin embargo, la familia todav\u00eda necesita apoyo econ\u00f3mico para cubrir traslados, controles y remedios.<\/p>\n\n\n\n<p>\ud83d\udccc <strong>C\u00f3mo ayudar<\/strong><br>Alias: <strong>mision.gorra.batata<\/strong><br>A nombre de: <strong>Luz del Cielo Luana Orquera<\/strong><br>Tel\u00e9fono de contacto: <strong> <\/strong>+54 9 11 5148-7609<\/p>\n\n\n\n<figure class=\"wp-block-image size-large\"><img loading=\"lazy\" decoding=\"async\" width=\"768\" height=\"1024\" src=\"https:\/\/enlamira.info\/wp-content\/uploads\/2025\/09\/9fad7ab3-4d06-4852-aadf-394cbed395c2-768x1024.jpg\" alt=\"\" class=\"wp-image-18917\" srcset=\"https:\/\/enlamira.info\/wp-content\/uploads\/2025\/09\/9fad7ab3-4d06-4852-aadf-394cbed395c2-768x1024.jpg 768w, https:\/\/enlamira.info\/wp-content\/uploads\/2025\/09\/9fad7ab3-4d06-4852-aadf-394cbed395c2-225x300.jpg 225w, https:\/\/enlamira.info\/wp-content\/uploads\/2025\/09\/9fad7ab3-4d06-4852-aadf-394cbed395c2-1152x1536.jpg 1152w, https:\/\/enlamira.info\/wp-content\/uploads\/2025\/09\/9fad7ab3-4d06-4852-aadf-394cbed395c2.jpg 1200w\" sizes=\"(max-width: 768px) 100vw, 768px\" \/><\/figure>\n\n\n\n<p>\u201cYo la rescat\u00e9 para darle una oportunidad y ahora necesito de todos para que pueda seguir viviendo\u201d, expres\u00f3 Luana, emocionada.<\/p>\n\n\n\n<p>Desde este medio reclamamos tambi\u00e9n a las autoridades que <strong>refuercen los servicios veterinarios municipales<\/strong> con m\u00e1s recursos, placas y especialistas, porque historias como la de Laica se repiten todos los d\u00edas en Avellaneda y en toda la zona sur.<\/p>\n\n\n\n<figure class=\"wp-block-embed is-type-video is-provider-youtube wp-block-embed-youtube wp-embed-aspect-16-9 wp-has-aspect-ratio\"><div class=\"wp-block-embed__wrapper\">\n<iframe loading=\"lazy\" title=\"Entrevista: LUANA (Avellaneda) Nos cuenta la triste historia que vivio junta a su perrita cachorra.\" width=\"640\" height=\"360\" src=\"https:\/\/www.youtube.com\/embed\/FdzxLL03VMI?feature=oembed\" frameborder=\"0\" allow=\"accelerometer; autoplay; clipboard-write; encrypted-media; gyroscope; picture-in-picture; web-share\" referrerpolicy=\"strict-origin-when-cross-origin\" allowfullscreen><\/iframe>\n<\/div><\/figure>\n","protected":false},"excerpt":{"rendered":"<p>La historia de Laica, una cachorrita rescatada hace pocos meses en Avellaneda, conmovi\u00f3 a todo el barrio. Su due\u00f1a, Luana Orquera, cont\u00f3 en di\u00e1logo con La Voz del Vecino c\u00f3mo la perrita se escap\u00f3 de su casa y apareci\u00f3 con la mand\u00edbula rota tras una brutal agresi\u00f3n. \u201cLa encontramos llena de sangre, gritando del dolor. [&hellip;]<\/p>\n","protected":false},"author":4,"featured_media":18920,"comment_status":"open","ping_status":"open","sticky":false,"template":"","format":"standard","meta":{"footnotes":""},"categories":[1,23,34],"tags":[],"_links":{"self":[{"href":"https:\/\/enlamira.info\/index.php\/wp-json\/wp\/v2\/posts\/18906"}],"collection":[{"href":"https:\/\/enlamira.info\/index.php\/wp-json\/wp\/v2\/posts"}],"about":[{"href":"https:\/\/enlamira.info\/index.php\/wp-json\/wp\/v2\/types\/post"}],"author":[{"embeddable":true,"href":"https:\/\/enlamira.info\/index.php\/wp-json\/wp\/v2\/users\/4"}],"replies":[{"embeddable":true,"href":"https:\/\/enlamira.info\/index.php\/wp-json\/wp\/v2\/comments?post=18906"}],"version-history":[{"count":1,"href":"https:\/\/enlamira.info\/index.php\/wp-json\/wp\/v2\/posts\/18906\/revisions"}],"predecessor-version":[{"id":18919,"href":"https:\/\/enlamira.info\/index.php\/wp-json\/wp\/v2\/posts\/18906\/revisions\/18919"}],"wp:featuredmedia":[{"embeddable":true,"href":"https:\/\/enlamira.info\/index.php\/wp-json\/wp\/v2\/media\/18920"}],"wp:attachment":[{"href":"https:\/\/enlamira.info\/index.php\/wp-json\/wp\/v2\/media?parent=18906"}],"wp:term":[{"taxonomy":"category","embeddable":true,"href":"https:\/\/enlamira.info\/index.php\/wp-json\/wp\/v2\/categories?post=18906"},{"taxonomy":"post_tag","embeddable":true,"href":"https:\/\/enlamira.info\/index.php\/wp-json\/wp\/v2\/tags?post=18906"}],"curies":[{"name":"wp","href":"https:\/\/api.w.org\/{rel}","templated":true}]}}