{"id":1875,"date":"2024-03-24T22:59:35","date_gmt":"2024-03-25T01:59:35","guid":{"rendered":"https:\/\/enlamira.info\/?p=1875"},"modified":"2024-03-24T23:02:50","modified_gmt":"2024-03-25T02:02:50","slug":"milei-confirmo-que-hay-245-mil-abortos-registrados-en-el-pais-este-no-es-el-camino","status":"publish","type":"post","link":"https:\/\/enlamira.info\/index.php\/2024\/03\/24\/milei-confirmo-que-hay-245-mil-abortos-registrados-en-el-pais-este-no-es-el-camino\/","title":{"rendered":"Milei confirm\u00f3 que hay 245 mil abortos registrados en el pa\u00eds: \u201cEste no es el camino\u201d"},"content":{"rendered":"\n<p>El Presidente se manifest\u00f3, a trav\u00e9s de las redes sociales, en contra de la ley de interrupci\u00f3n voluntaria del embarazo y calific\u00f3 al aborto como un \u201casesinato agravado por el v\u00ednculo\u201d.<\/p>\n\n\n\n<p>El presidente Javier\u00a0Milei\u00a0comparti\u00f3 en sus redes sociales una imagen confirmando que en Argentina hay registrados 245 mil abortos, es decir, un n\u00famero mayor a la poblaci\u00f3n de Tierra del Fuego (190.641 personas), como indica la publicaci\u00f3n.<\/p>\n\n\n\n<p>El l\u00edder libertario acompa\u00f1\u00f3 el flyer con un texto escrito por \u00e9l en el que expresa que\u00a0\u201cel aborto es un\u00a0asesinato\u00a0agravado por el v\u00ednculo y la desproporci\u00f3n de las fuerzas\u201d. A su vez se dirigi\u00f3 a aquellas personas que est\u00e1n a favor de la ley de interrupci\u00f3n voluntaria del embarazo:\u00a0\u201cSi Usted est\u00e1 viendo este post y es de los que pondera positivamente este tipo de aberraciones, agradezca a su madre por no pensar del mismo modo\u201d.<\/p>\n\n\n\n<p>La imagen fue publicada primero por la\u00a0vicepresidenta\u00a0Victoria\u00a0Villarruel\u00a0y, adem\u00e1s, lleva su firma.\u00a0\u201cTerminar con la vida de un ser humano indefenso no es un derecho. Argentina siempre debe ser tierra de Vida\u201d\u00a0escribi\u00f3 la presidenta del Senado en X (Twitter). A su vez, acompa\u00f1\u00f3 el texto con el hashtag\u00a0\u201c#MarchaPorLaVida\u201d, haciendo referencia a las movilizaciones que se dieron durante este s\u00e1bado en todo el pa\u00eds.<\/p>\n\n\n\n<p>Los manifestantes que se oponen a la interrupci\u00f3n del embarazo salieron a las calles con carteles y banderas con mensaje como \u00a0\u201cArgentina sin Aborto\u201d, \u201cDerogaci\u00f3n del Aborto Ya\u201d o \u201cLa vida no se negocia\u201d. A pesar de que las marchas no fueron masivas, ponen nuevamente en agenda la discusi\u00f3n por la ley que se aprob\u00f3 en 2020 durante la gesti\u00f3n de Alberto Fern\u00e1ndez.<\/p>\n\n\n\n<p>Este respaldo de Milei a la agenda que principalmente ha sido defendida por la vicepresidenta, se da en un contexto en el cual\u00a0fuertes rumores indican que entre el presidente y Villarruel no hay una buena relaci\u00f3n. Ellos por su parte, han hecho circular varias fotos juntos y participaron en conjunto de algunos actos para restarle veracidad a esas versiones.<\/p>\n","protected":false},"excerpt":{"rendered":"<p>El Presidente se manifest\u00f3, a trav\u00e9s de las redes sociales, en contra de la ley de interrupci\u00f3n voluntaria del embarazo y calific\u00f3 al aborto como un \u201casesinato agravado por el v\u00ednculo\u201d. El presidente Javier\u00a0Milei\u00a0comparti\u00f3 en sus redes sociales una imagen confirmando que en Argentina hay registrados 245 mil abortos, es decir, un n\u00famero mayor a [&hellip;]<\/p>\n","protected":false},"author":2,"featured_media":1877,"comment_status":"open","ping_status":"open","sticky":false,"template":"","format":"standard","meta":{"footnotes":""},"categories":[20],"tags":[],"_links":{"self":[{"href":"https:\/\/enlamira.info\/index.php\/wp-json\/wp\/v2\/posts\/1875"}],"collection":[{"href":"https:\/\/enlamira.info\/index.php\/wp-json\/wp\/v2\/posts"}],"about":[{"href":"https:\/\/enlamira.info\/index.php\/wp-json\/wp\/v2\/types\/post"}],"author":[{"embeddable":true,"href":"https:\/\/enlamira.info\/index.php\/wp-json\/wp\/v2\/users\/2"}],"replies":[{"embeddable":true,"href":"https:\/\/enlamira.info\/index.php\/wp-json\/wp\/v2\/comments?post=1875"}],"version-history":[{"count":2,"href":"https:\/\/enlamira.info\/index.php\/wp-json\/wp\/v2\/posts\/1875\/revisions"}],"predecessor-version":[{"id":1878,"href":"https:\/\/enlamira.info\/index.php\/wp-json\/wp\/v2\/posts\/1875\/revisions\/1878"}],"wp:featuredmedia":[{"embeddable":true,"href":"https:\/\/enlamira.info\/index.php\/wp-json\/wp\/v2\/media\/1877"}],"wp:attachment":[{"href":"https:\/\/enlamira.info\/index.php\/wp-json\/wp\/v2\/media?parent=1875"}],"wp:term":[{"taxonomy":"category","embeddable":true,"href":"https:\/\/enlamira.info\/index.php\/wp-json\/wp\/v2\/categories?post=1875"},{"taxonomy":"post_tag","embeddable":true,"href":"https:\/\/enlamira.info\/index.php\/wp-json\/wp\/v2\/tags?post=1875"}],"curies":[{"name":"wp","href":"https:\/\/api.w.org\/{rel}","templated":true}]}}