{"id":18749,"date":"2025-09-02T22:43:24","date_gmt":"2025-09-03T01:43:24","guid":{"rendered":"https:\/\/enlamira.info\/?p=18749"},"modified":"2025-09-02T22:43:24","modified_gmt":"2025-09-03T01:43:24","slug":"guillermo-pereira-lo-mas-importante-es-la-mentalidad-el-sacrificio-y-dejar-todo-por-intentarlo","status":"publish","type":"post","link":"https:\/\/enlamira.info\/index.php\/2025\/09\/02\/guillermo-pereira-lo-mas-importante-es-la-mentalidad-el-sacrificio-y-dejar-todo-por-intentarlo\/","title":{"rendered":"Guillermo Pereira: \u201cLo m\u00e1s importante es la mentalidad, el sacrificio y dejar todo por intentarlo\u201d"},"content":{"rendered":"\n<p>El volante de Los Andes repas\u00f3 sus momentos m\u00e1s emotivos en el f\u00fatbol, desde el debut en Independiente hasta los ascensos hist\u00f3ricos con Independiente y Belgrano. Tambi\u00e9n habl\u00f3 sobre la actualidad del Milrayitas, su experiencia en M\u00e9xico y dej\u00f3 un mensaje para los j\u00f3venes que sue\u00f1an con ser profesionales.<\/p>\n\n\n\n<figure class=\"wp-block-gallery has-nested-images columns-default is-cropped wp-block-gallery-1 is-layout-flex wp-block-gallery-is-layout-flex\">\n<figure class=\"wp-block-image size-large\"><img loading=\"lazy\" decoding=\"async\" width=\"1024\" height=\"1007\" data-id=\"18750\" src=\"https:\/\/enlamira.info\/wp-content\/uploads\/2025\/09\/1000048901-1024x1007.jpg\" alt=\"\" class=\"wp-image-18750\" srcset=\"https:\/\/enlamira.info\/wp-content\/uploads\/2025\/09\/1000048901-1024x1007.jpg 1024w, https:\/\/enlamira.info\/wp-content\/uploads\/2025\/09\/1000048901-300x295.jpg 300w, https:\/\/enlamira.info\/wp-content\/uploads\/2025\/09\/1000048901-768x755.jpg 768w, https:\/\/enlamira.info\/wp-content\/uploads\/2025\/09\/1000048901.jpg 1080w\" sizes=\"(max-width: 1024px) 100vw, 1024px\" \/><\/figure>\n\n\n\n<figure class=\"wp-block-image size-large\"><img loading=\"lazy\" decoding=\"async\" width=\"943\" height=\"943\" data-id=\"18751\" src=\"https:\/\/enlamira.info\/wp-content\/uploads\/2025\/09\/1000048904.jpg\" alt=\"\" class=\"wp-image-18751\" srcset=\"https:\/\/enlamira.info\/wp-content\/uploads\/2025\/09\/1000048904.jpg 943w, https:\/\/enlamira.info\/wp-content\/uploads\/2025\/09\/1000048904-300x300.jpg 300w, https:\/\/enlamira.info\/wp-content\/uploads\/2025\/09\/1000048904-150x150.jpg 150w, https:\/\/enlamira.info\/wp-content\/uploads\/2025\/09\/1000048904-768x768.jpg 768w\" sizes=\"(max-width: 943px) 100vw, 943px\" \/><\/figure>\n<\/figure>\n\n\n\n<p>Guillermo Pereira recibi\u00f3 a Polideportivo Radial para una extensa charla en la que qued\u00f3 claro que su carrera no se explica solo por el talento, sino por la mentalidad y el sacrificio. \u201cDesde chico dec\u00eda que quer\u00eda ser jugador de f\u00fatbol, muchos se re\u00edan, pero yo segu\u00ed. Hoy vivo de lo que so\u00f1\u00e9\u201d, record\u00f3 con emoci\u00f3n.<\/p>\n\n\n\n<p>El mediocampista repas\u00f3 los hitos de su trayectoria. Se\u00f1al\u00f3 dos momentos que marcaron su vida deportiva: su debut en la primera de Independiente, tras hacer todas las inferiores en el club, y el regreso a la m\u00e1xima categor\u00eda con Godoy Cruz luego de un largo recorrido por el ascenso. \u201cEse tambi\u00e9n fue muy emotivo\u201d, reconoci\u00f3.<\/p>\n\n\n\n<p>Pereira tambi\u00e9n se detuvo en los ascensos que le toc\u00f3 vivir. Con Independiente describi\u00f3 la presi\u00f3n de devolver al equipo a primera divisi\u00f3n y con Belgrano destac\u00f3 la campa\u00f1a hist\u00f3rica que termin\u00f3 con t\u00edtulo y r\u00e9cord de puntos. \u201cFue un a\u00f1o inolvidable, incluso porque el femenino tambi\u00e9n sali\u00f3 campe\u00f3n\u201d, record\u00f3.<\/p>\n\n\n\n<p>La experiencia en el Zacatepec de M\u00e9xico le dej\u00f3 aprendizajes, a pesar de que no tuvo continuidad. En tanto, sobre la exigente pretemporada en Riestra confes\u00f3: \u201cHab\u00eda que cerrar los ojos y meterle. Mentalmente tambi\u00e9n me fortaleci\u00f3\u201d.<\/p>\n\n\n\n<p>A lo largo de su carrera enfrent\u00f3 a figuras que lo sorprendieron. Mencion\u00f3 a Juli\u00e1n \u00c1lvarez en su paso por Godoy Cruz y, m\u00e1s recientemente, a Claudio Echeverri y Franco Mastantuono: \u201cJuegan a otra velocidad\u201d.<\/p>\n\n\n\n<p>Hoy su presente est\u00e1 en Los Andes, donde pelea por meterse en el reducido. \u201cSabemos que Madryn tiene un gran plantel, pero estamos en condiciones de jugarles de igual a igual\u201d, asegur\u00f3. El empate con San Miguel no le baj\u00f3 la ilusi\u00f3n: \u201cNos sorprendimos para bien y seguimos expectantes\u201d.<\/p>\n\n\n\n<p>Al definirse como futbolista, Pereira se describe como un volante mixto que busca ordenar al equipo y aportar en todas las facetas del juego. Record\u00f3 con cari\u00f1o dos goles especiales: uno a Independiente vistiendo la camiseta de Riestra y otro con Belgrano ante V\u00e9lez, ambos cargados de valor personal.<\/p>\n\n\n\n<p>Antes de despedirse, dej\u00f3 un mensaje claro para los chicos que sue\u00f1an con el f\u00fatbol profesional: \u201cQue se pongan metas y luchen. La suerte influye, pero si trabaj\u00e1s ten\u00e9s m\u00e1s posibilidades. Persevera y triunfar\u00e1s\u201d.<\/p>\n","protected":false},"excerpt":{"rendered":"<p>El volante de Los Andes repas\u00f3 sus momentos m\u00e1s emotivos en el f\u00fatbol, desde el debut en Independiente hasta los ascensos hist\u00f3ricos con Independiente y Belgrano. Tambi\u00e9n habl\u00f3 sobre la actualidad del Milrayitas, su experiencia en M\u00e9xico y dej\u00f3 un mensaje para los j\u00f3venes que sue\u00f1an con ser profesionales. Guillermo Pereira recibi\u00f3 a Polideportivo Radial [&hellip;]<\/p>\n","protected":false},"author":4,"featured_media":18752,"comment_status":"open","ping_status":"open","sticky":false,"template":"","format":"standard","meta":{"footnotes":""},"categories":[14],"tags":[1984,1983],"_links":{"self":[{"href":"https:\/\/enlamira.info\/index.php\/wp-json\/wp\/v2\/posts\/18749"}],"collection":[{"href":"https:\/\/enlamira.info\/index.php\/wp-json\/wp\/v2\/posts"}],"about":[{"href":"https:\/\/enlamira.info\/index.php\/wp-json\/wp\/v2\/types\/post"}],"author":[{"embeddable":true,"href":"https:\/\/enlamira.info\/index.php\/wp-json\/wp\/v2\/users\/4"}],"replies":[{"embeddable":true,"href":"https:\/\/enlamira.info\/index.php\/wp-json\/wp\/v2\/comments?post=18749"}],"version-history":[{"count":1,"href":"https:\/\/enlamira.info\/index.php\/wp-json\/wp\/v2\/posts\/18749\/revisions"}],"predecessor-version":[{"id":18753,"href":"https:\/\/enlamira.info\/index.php\/wp-json\/wp\/v2\/posts\/18749\/revisions\/18753"}],"wp:featuredmedia":[{"embeddable":true,"href":"https:\/\/enlamira.info\/index.php\/wp-json\/wp\/v2\/media\/18752"}],"wp:attachment":[{"href":"https:\/\/enlamira.info\/index.php\/wp-json\/wp\/v2\/media?parent=18749"}],"wp:term":[{"taxonomy":"category","embeddable":true,"href":"https:\/\/enlamira.info\/index.php\/wp-json\/wp\/v2\/categories?post=18749"},{"taxonomy":"post_tag","embeddable":true,"href":"https:\/\/enlamira.info\/index.php\/wp-json\/wp\/v2\/tags?post=18749"}],"curies":[{"name":"wp","href":"https:\/\/api.w.org\/{rel}","templated":true}]}}