{"id":18730,"date":"2025-09-02T00:04:00","date_gmt":"2025-09-02T03:04:00","guid":{"rendered":"https:\/\/enlamira.info\/?p=18730"},"modified":"2025-09-01T23:30:31","modified_gmt":"2025-09-02T02:30:31","slug":"kicillof-hay-que-llenar-las-urnas-de-votos-quedarse-en-casa-es-hacerle-el-juego-a-la-derecha","status":"publish","type":"post","link":"https:\/\/enlamira.info\/index.php\/2025\/09\/02\/kicillof-hay-que-llenar-las-urnas-de-votos-quedarse-en-casa-es-hacerle-el-juego-a-la-derecha\/","title":{"rendered":"Kicillof: \u201cHay que llenar las urnas de votos: quedarse en casa es hacerle el juego a la derecha\u201d"},"content":{"rendered":"\n<p>\u201cNuestro pueblo ya descubri\u00f3 que Milei cometi\u00f3 la estafa electoral m\u00e1s grande de la que se tenga memoria en la Argentina: estamos ante un empleado de los sectores de poder, cuyo \u00fanico objetivo es llevar adelante un proyecto de hambre y de entrega\u201d, afirm\u00f3 el gobernador Axel Kicillof este lunes al encabezar el cierre del plenario \u201cGanar la provincia es ganarle a Milei\u201d, realizado por el Movimiento Evita, en el municipio de Florencio Varela. <\/p>\n\n\n\n<p>Fue junto a los ministros de Infraestructura y Servicios P\u00fablicos, Gabriel Katopodis; de Desarrollo de la Comunidad, Andr\u00e9s Larroque; la jefa de Asesores del Gobernador, Cristina \u00c1lvarez Rodr\u00edguez; el intendente local, Andr\u00e9s Watson; y los dirigentes Emilio P\u00e9rsico y Eduardo Ancona.<\/p>\n\n\n\n<p>En ese marco, Kicillof destac\u00f3: \u201cNo hay nada nuevo ni espont\u00e1neo en este Gobierno: es un producto de la derecha para ajustar a los sectores vulnerables, los jubilados, los discapacitados, los barrios populares y la industria nacional\u201d.<\/p>\n\n\n\n<p>Por su parte, Watson remarc\u00f3: \u201cQuienes no podemos naturalizar tanto odio hacia el pueblo argentino tenemos la gran oportunidad de frenar al Gobierno nacional: lo vamos a hacer con la militancia en la calle y llenando las urnas con los votos de Fuerza Patria en toda la Provincia\u201d.<\/p>\n\n\n\n<p>En tanto, P\u00e9rsico sostuvo: \u201cAnte el sufrimiento del pueblo debemos poner el pecho, discutir y construir una alternativa que defienda a los m\u00e1s vulnerables: vamos a detener este modelo que tiene como \u00fanico privilegiado a los sectores de poder\u201d.<\/p>\n\n\n\n<p>Asimismo, Ancona manifest\u00f3: \u201cEl Movimiento Evita es la organizaci\u00f3n popular que construye con los m\u00e1s humildes de la patria: junto al gobernador de la provincia de Buenos Aires vamos a terminar con la pesadilla de Javier Milei\u201d.<\/p>\n\n\n\n<p>Por \u00faltimo, Kicillof sostuvo: \u201cTenemos que ser capaces de convencer a nuestro pueblo para llenar las urnas de votos: la boleta de Fuerza Patria sirve para decirle a Milei que hasta ac\u00e1 lleg\u00f3 con su enga\u00f1o y su crueldad\u201d. \u201cEstamos en un momento bisagra, en el que quedarse en casa es hacerle el juego a la derecha: salgamos a la calle a hablar con todos y a explicar que el pr\u00f3ximo 7 de septiembre nos jugamos el futuro\u201d, concluy\u00f3.<\/p>\n\n\n\n<p>Estuvieron presentes tambi\u00e9n el presidente del Instituto Provincial de Asociativismo y Cooperativismo (IPAC), Gildo Onorato; y los dirigentes Juan Manuel Abal Medina y Patricia Cubria.<\/p>\n","protected":false},"excerpt":{"rendered":"<p>\u201cNuestro pueblo ya descubri\u00f3 que Milei cometi\u00f3 la estafa electoral m\u00e1s grande de la que se tenga memoria en la Argentina: estamos ante un empleado de los sectores de poder, cuyo \u00fanico objetivo es llevar adelante un proyecto de hambre y de entrega\u201d, afirm\u00f3 el gobernador Axel Kicillof este lunes al encabezar el cierre del [&hellip;]<\/p>\n","protected":false},"author":4,"featured_media":18724,"comment_status":"open","ping_status":"open","sticky":false,"template":"","format":"standard","meta":{"footnotes":""},"categories":[1],"tags":[28,1055,1980],"_links":{"self":[{"href":"https:\/\/enlamira.info\/index.php\/wp-json\/wp\/v2\/posts\/18730"}],"collection":[{"href":"https:\/\/enlamira.info\/index.php\/wp-json\/wp\/v2\/posts"}],"about":[{"href":"https:\/\/enlamira.info\/index.php\/wp-json\/wp\/v2\/types\/post"}],"author":[{"embeddable":true,"href":"https:\/\/enlamira.info\/index.php\/wp-json\/wp\/v2\/users\/4"}],"replies":[{"embeddable":true,"href":"https:\/\/enlamira.info\/index.php\/wp-json\/wp\/v2\/comments?post=18730"}],"version-history":[{"count":1,"href":"https:\/\/enlamira.info\/index.php\/wp-json\/wp\/v2\/posts\/18730\/revisions"}],"predecessor-version":[{"id":18731,"href":"https:\/\/enlamira.info\/index.php\/wp-json\/wp\/v2\/posts\/18730\/revisions\/18731"}],"wp:featuredmedia":[{"embeddable":true,"href":"https:\/\/enlamira.info\/index.php\/wp-json\/wp\/v2\/media\/18724"}],"wp:attachment":[{"href":"https:\/\/enlamira.info\/index.php\/wp-json\/wp\/v2\/media?parent=18730"}],"wp:term":[{"taxonomy":"category","embeddable":true,"href":"https:\/\/enlamira.info\/index.php\/wp-json\/wp\/v2\/categories?post=18730"},{"taxonomy":"post_tag","embeddable":true,"href":"https:\/\/enlamira.info\/index.php\/wp-json\/wp\/v2\/tags?post=18730"}],"curies":[{"name":"wp","href":"https:\/\/api.w.org\/{rel}","templated":true}]}}