{"id":18719,"date":"2025-09-02T00:01:00","date_gmt":"2025-09-02T03:01:00","guid":{"rendered":"https:\/\/enlamira.info\/?p=18719"},"modified":"2025-09-01T23:23:54","modified_gmt":"2025-09-02T02:23:54","slug":"el-juez-que-prohibio-publicar-los-audios-de-karina-milei-tiene-cinco-denuncias-en-su-contra-por-acoso-sexual","status":"publish","type":"post","link":"https:\/\/enlamira.info\/index.php\/2025\/09\/02\/el-juez-que-prohibio-publicar-los-audios-de-karina-milei-tiene-cinco-denuncias-en-su-contra-por-acoso-sexual\/","title":{"rendered":"El juez que prohibi\u00f3 publicar los audios de Karina Milei tiene cinco denuncias en su contra por acoso sexual"},"content":{"rendered":"\n<p>El juez civil y comercial federal Alejandro Patricio Maraniello, que prohibi\u00f3 difundir los supuestos audios de Karina Milei, te\u00f3ricamente grabados en la Casa Rosada, tiene ocho denuncias en el Consejo de la Magistratura, cinco de las cuales son por casos de acoso sexual contra sus empleadas.<\/p>\n\n\n\n<p>En septiembre de 2024, adem\u00e1s, la Asociaci\u00f3n de Empleados y Funcionarios del Poder Judicial de la Naci\u00f3n (Aefpjn) celebr\u00f3 haber logrado que se disponga \u201cuna consigna policial en el horario laboral\u201d dentro del juzgado de Maraniello para \u201cresguardar\u201d a los empleados.<\/p>\n\n\n\n<p>El magistrado fue notificado de los cargos en su contra para que se defienda, seg\u00fan el art\u00edculo 11 del reglamento de la Comisi\u00f3n de Disciplina del Consejo de la Magistratura, presidida por el consejero abogado C\u00e9sar Grau.<\/p>\n\n\n\n<p>El juez, dijeron sus allegados, niega todas las acusaciones y se\u00f1ala que son todas una falacia.<\/p>\n\n\n\n<p>A diferencia de lo que se debate en la Comisi\u00f3n de Acusaci\u00f3n del Consejo, que puede promover un juicio pol\u00edtico, en la de Disciplina se debaten sanciones menos graves, como por ejemplo el descuento de parte de su sueldo.<\/p>\n\n\n\n<p>Seg\u00fan el procedimiento, Maraniello fue notificado el 19 de agosto pasado, y desde entonces tiene un plazo de 20 d\u00edas para ejercer su defensa por escrito, designar abogado, ofrecer pruebas y manifestar lo que considere pertinente.<\/p>\n\n\n\n<p>Entre los expedientes en curso por abuso sexual, que son cinco, se destaca el testimonio de una empleada que declar\u00f3 haber sido hostigada por el juez a menos de una semana de comenzar a trabajar en su juzgado.<\/p>\n\n\n\n<p>La mujer relat\u00f3 que acept\u00f3 salir con el magistrado fuera del \u00e1mbito laboral por temor a perder su empleo. Pero en esa ocasi\u00f3n, seg\u00fan su denuncia, fue v\u00edctima de tocamientos y besos no consentidos. Luego se vio forzada a mantener relaciones sexuales para poner fin a la situaci\u00f3n, declar\u00f3.<\/p>\n\n\n\n<p>En otro de los expedientes, una agente de su juzgado declar\u00f3 haber recibido mensajes por redes sociales de parte del magistrado, comentarios sobre su vestimenta, miradas inapropiadas y maltrato al no acceder a pedidos fuera del \u00e1mbito laboral.<\/p>\n\n\n\n<p>La v\u00edctima sostuvo que los episodios continuaron en el tiempo con acercamientos f\u00edsicos forzados y comentarios inapropiados, lo que la llevaron a medicarse y tener ideas suicidas antes de animarse a denunciar en la Unidad de Bienestar Laboral.<\/p>\n\n\n\n<p>El caso lleg\u00f3 a la Unidad Fiscal Especializada en Violencia contra las Mujeres, donde ratific\u00f3 sus dichos, aunque expres\u00f3 que no quer\u00eda instar la acci\u00f3n penal.<\/p>\n\n\n\n<p>Pese a ello, la fiscal Mariana Labozzetta consider\u00f3 que podr\u00edan configurarse delitos de acci\u00f3n p\u00fablica debido a la condici\u00f3n de funcionario judicial, por lo que el expediente qued\u00f3 en manos de la jueza Mar\u00eda Servini y el fiscal Carlos Stornelli.<\/p>\n\n\n\n<p>La Comisi\u00f3n de Disciplina continuar\u00e1 con la evaluaci\u00f3n de las pruebas y el an\u00e1lisis de los hechos denunciados, en el marco del proceso disciplinario que podr\u00eda derivar en sanciones o, eventualmente, en un pedido de remoci\u00f3n del magistrado, si es que eventualmente, alguno de los expedientes pasa a la Comisi\u00f3n de Acusaci\u00f3n.<\/p>\n\n\n\n<p>Hay ocho expedientes en total contra el juez, cinco de los cuales son por acoso. Muchos est\u00e1n interrelacionados, porque son env\u00edos realizados por la C\u00e1mara Contencioso Administrativo y la Oficina de Bienestar, remitiendo actuaciones.<\/p>\n\n\n\n<p>La documentaci\u00f3n de las acusaciones contra el juez est\u00e1n en anexos reservados, por lo que no hay acceso p\u00fablico a cada expediente.<\/p>\n\n\n\n<p>Los cargos son presunto abuso de poder, acoso laboral y sexual, maltrato a empleados, uso indebido de recursos p\u00fablicos e incumplimiento del reglamento para la Justicia Nacional.<\/p>\n\n\n\n<p>El gremio de la Aefpjn expres\u00f3 en su denuncia que, \u201ca medida que las autoridades y profesionales de este sindicato afectados a la asistencia de v\u00edctimas se van entrevistando con personas que son o han sido dependientes del Dr. Maraniello van tomando conocimiento de m\u00e1s y m\u00e1s casos en tiempos distintos y por situaciones diferentes\u201d.<\/p>\n\n\n\n<p>El sindicato se refiri\u00f3 a la situaci\u00f3n de vulnerabilidad de la empleada, hija de un camionero (situaci\u00f3n que el juez le habr\u00eda hecho notar en tono peyorativo), su car\u00e1cter de trabajadora interina, su necesidad de ese empleo para subsistir y su condici\u00f3n de estudiante de derecho, primera generaci\u00f3n universitaria en su familia.<\/p>\n\n\n\n<p>El juez tiene una p\u00e1gina web con noticias sobre premios recibidos y un frondoso curr\u00edculum con m\u00e1s de 20 libros publicados y donde se destaca como presidente de la Asociaci\u00f3n Argentina de Justicia Constitucional.<\/p>\n","protected":false},"excerpt":{"rendered":"<p>El juez civil y comercial federal Alejandro Patricio Maraniello, que prohibi\u00f3 difundir los supuestos audios de Karina Milei, te\u00f3ricamente grabados en la Casa Rosada, tiene ocho denuncias en el Consejo de la Magistratura, cinco de las cuales son por casos de acoso sexual contra sus empleadas. En septiembre de 2024, adem\u00e1s, la Asociaci\u00f3n de Empleados [&hellip;]<\/p>\n","protected":false},"author":4,"featured_media":18721,"comment_status":"open","ping_status":"open","sticky":false,"template":"","format":"standard","meta":{"footnotes":""},"categories":[4],"tags":[],"_links":{"self":[{"href":"https:\/\/enlamira.info\/index.php\/wp-json\/wp\/v2\/posts\/18719"}],"collection":[{"href":"https:\/\/enlamira.info\/index.php\/wp-json\/wp\/v2\/posts"}],"about":[{"href":"https:\/\/enlamira.info\/index.php\/wp-json\/wp\/v2\/types\/post"}],"author":[{"embeddable":true,"href":"https:\/\/enlamira.info\/index.php\/wp-json\/wp\/v2\/users\/4"}],"replies":[{"embeddable":true,"href":"https:\/\/enlamira.info\/index.php\/wp-json\/wp\/v2\/comments?post=18719"}],"version-history":[{"count":1,"href":"https:\/\/enlamira.info\/index.php\/wp-json\/wp\/v2\/posts\/18719\/revisions"}],"predecessor-version":[{"id":18720,"href":"https:\/\/enlamira.info\/index.php\/wp-json\/wp\/v2\/posts\/18719\/revisions\/18720"}],"wp:featuredmedia":[{"embeddable":true,"href":"https:\/\/enlamira.info\/index.php\/wp-json\/wp\/v2\/media\/18721"}],"wp:attachment":[{"href":"https:\/\/enlamira.info\/index.php\/wp-json\/wp\/v2\/media?parent=18719"}],"wp:term":[{"taxonomy":"category","embeddable":true,"href":"https:\/\/enlamira.info\/index.php\/wp-json\/wp\/v2\/categories?post=18719"},{"taxonomy":"post_tag","embeddable":true,"href":"https:\/\/enlamira.info\/index.php\/wp-json\/wp\/v2\/tags?post=18719"}],"curies":[{"name":"wp","href":"https:\/\/api.w.org\/{rel}","templated":true}]}}