{"id":1870,"date":"2024-03-24T22:58:13","date_gmt":"2024-03-25T01:58:13","guid":{"rendered":"https:\/\/enlamira.info\/?p=1870"},"modified":"2024-03-24T23:03:44","modified_gmt":"2024-03-25T02:03:44","slug":"memoria-verdad-y-justicia-completa-el-video-de-la-casa-rosada-sobre-el-24-de-marzo","status":"publish","type":"post","link":"https:\/\/enlamira.info\/index.php\/2024\/03\/24\/memoria-verdad-y-justicia-completa-el-video-de-la-casa-rosada-sobre-el-24-de-marzo\/","title":{"rendered":"\u201cMemoria, Verdad y Justicia completa\u201d: el video de la Casa Rosada sobre el 24 de marzo"},"content":{"rendered":"\n<p>El Gobierno public\u00f3 un video en el que cuestiona la cifra de los 30.000 desaparecidos y realiza una nueva convocatoria al Pacto de Mayo.<\/p>\n\n\n\n<p>En conmemoraci\u00f3n al D\u00eda de la\u00a0Memoria\u00a0por la Verdad y la Justicia, la Casa Rosada difundi\u00f3 un video en el cual no aparecen el presidente Javier\u00a0Milei\u00a0ni la vice Victoria\u00a0Villarruel. Bajo el lema \u201cD\u00eda de la Memoria por la Verdad y la Justicia. Completa\u201d, el material\u00a0pone en tela de juicio el n\u00famero de 30 mil desaparecidos y reitera la convocatoria al Pacto de Mayo, iniciativa impulsada por el mandatario Milei.<\/p>\n\n\n\n<figure class=\"wp-block-embed is-type-rich is-provider-twitter wp-block-embed-twitter\"><div class=\"wp-block-embed__wrapper\">\n<blockquote class=\"twitter-tweet\" data-width=\"550\" data-dnt=\"true\"><p lang=\"es\" dir=\"ltr\">D\u00eda de la Memoria por la Verdad y la Justicia. Completa.<br><br> <a href=\"https:\/\/t.co\/SxcPQQkBZY\">pic.twitter.com\/SxcPQQkBZY<\/a><\/p>&mdash; Oficina del Presidente (@OPRArgentina) <a href=\"https:\/\/twitter.com\/OPRArgentina\/status\/1771910782428618896?ref_src=twsrc%5Etfw\">March 24, 2024<\/a><\/blockquote><script async src=\"https:\/\/platform.twitter.com\/widgets.js\" charset=\"utf-8\"><\/script>\n<\/div><\/figure>\n\n\n\n<p>El video destaca las\u00a0v\u00edctimas civiles de los atentados previos al golpe de Estado de 1976\u00a0y presenta testimonios como el del ex guerrillero de la organizaci\u00f3n Fuerzas Armadas Peronistas (FAP), Luis Labra\u00f1a, el exjefe de la SIDE en el menemismo, Juan Bautista \u201cTata\u201d Yofre, y la hija del capit\u00e1n Humberto Viola, asesinado por el ERP junto a su hija en Tucum\u00e1n.<\/p>\n\n\n\n<p>La postura del Ejecutivo es enfatizar el respeto hacia todas las v\u00edctimas de los a\u00f1os setenta y manifestarse en contra de la dictadura c\u00edvico-militar\u00a0en el D\u00eda de la Memoria. La producci\u00f3n del video estuvo a cargo del publicista y director audiovisual de la Presidencia, Santiago Or\u00eda, en colaboraci\u00f3n con su equipo, y la l\u00ednea discursiva fue establecida por el asesor presidencial Santiago Caputo.<\/p>\n\n\n\n<p>Entre los testimonios destacados, Yofre plante\u00f3 la posibilidad de\u00a0\u201csanar y curar las heridas del pasado\u201d\u00a0y llam\u00f3 a la uni\u00f3n de los argentinos mirando hacia adelante, mientras que Labra\u00f1a cuestion\u00f3 la cifra de 30 mil desaparecidos, se\u00f1alando que fue inventada en una gesti\u00f3n en Holanda y que \u00e9l mismo la propuso como una manera de finalizar la discusi\u00f3n.<\/p>\n","protected":false},"excerpt":{"rendered":"<p>El Gobierno public\u00f3 un video en el que cuestiona la cifra de los 30.000 desaparecidos y realiza una nueva convocatoria al Pacto de Mayo. En conmemoraci\u00f3n al D\u00eda de la\u00a0Memoria\u00a0por la Verdad y la Justicia, la Casa Rosada difundi\u00f3 un video en el cual no aparecen el presidente Javier\u00a0Milei\u00a0ni la vice Victoria\u00a0Villarruel. Bajo el lema [&hellip;]<\/p>\n","protected":false},"author":2,"featured_media":1872,"comment_status":"open","ping_status":"open","sticky":false,"template":"","format":"standard","meta":{"footnotes":""},"categories":[20],"tags":[],"_links":{"self":[{"href":"https:\/\/enlamira.info\/index.php\/wp-json\/wp\/v2\/posts\/1870"}],"collection":[{"href":"https:\/\/enlamira.info\/index.php\/wp-json\/wp\/v2\/posts"}],"about":[{"href":"https:\/\/enlamira.info\/index.php\/wp-json\/wp\/v2\/types\/post"}],"author":[{"embeddable":true,"href":"https:\/\/enlamira.info\/index.php\/wp-json\/wp\/v2\/users\/2"}],"replies":[{"embeddable":true,"href":"https:\/\/enlamira.info\/index.php\/wp-json\/wp\/v2\/comments?post=1870"}],"version-history":[{"count":2,"href":"https:\/\/enlamira.info\/index.php\/wp-json\/wp\/v2\/posts\/1870\/revisions"}],"predecessor-version":[{"id":1874,"href":"https:\/\/enlamira.info\/index.php\/wp-json\/wp\/v2\/posts\/1870\/revisions\/1874"}],"wp:featuredmedia":[{"embeddable":true,"href":"https:\/\/enlamira.info\/index.php\/wp-json\/wp\/v2\/media\/1872"}],"wp:attachment":[{"href":"https:\/\/enlamira.info\/index.php\/wp-json\/wp\/v2\/media?parent=1870"}],"wp:term":[{"taxonomy":"category","embeddable":true,"href":"https:\/\/enlamira.info\/index.php\/wp-json\/wp\/v2\/categories?post=1870"},{"taxonomy":"post_tag","embeddable":true,"href":"https:\/\/enlamira.info\/index.php\/wp-json\/wp\/v2\/tags?post=1870"}],"curies":[{"name":"wp","href":"https:\/\/api.w.org\/{rel}","templated":true}]}}