{"id":18697,"date":"2025-08-30T00:58:01","date_gmt":"2025-08-30T03:58:01","guid":{"rendered":"https:\/\/enlamira.info\/?p=18697"},"modified":"2025-08-30T00:58:01","modified_gmt":"2025-08-30T03:58:01","slug":"kicillof-en-almirante-brown-el-7-de-septiembre-nadie-puede-dudar-hay-que-convertir-el-enojo-en-un-voto-contra-milei","status":"publish","type":"post","link":"https:\/\/enlamira.info\/index.php\/2025\/08\/30\/kicillof-en-almirante-brown-el-7-de-septiembre-nadie-puede-dudar-hay-que-convertir-el-enojo-en-un-voto-contra-milei\/","title":{"rendered":"Kicillof en Almirante Brown: \u201cEl 7 de septiembre nadie puede dudar: hay que convertir el enojo en un voto contra Milei\u201d"},"content":{"rendered":"\n<p>El gobernador Axel Kicillof mantuvo este viernes un encuentro con estudiantes en la Universidad Nacional Guillermo Brown (UNaB) y, junto a la vicegobernadora Ver\u00f3nica Magario; el ministro de Infraestructura y Servicios P\u00fablicos, Gabriel Katopodis; y el intendente de Almirante Brown, Mariano Cascallares, recorri\u00f3 los avances de las obras de mejora integral de la Ruta Provincial N\u00b04. Participaron tambi\u00e9n las y los candidatos a diputados nacionales Juan Grabois y Fernanda Mi\u00f1o; y a concejales Paula Eichel, Leandro Battafarano y Micaela Ort\u00edz.<\/p>\n\n\n\n<p>Durante su visita a la UNaB, Kicillof recorri\u00f3 los terrenos donde la provincia retomar\u00e1 la construcci\u00f3n de un edificio de dos niveles y la restauraci\u00f3n de la sede del rectorado, obras que fueron paralizadas por el Gobierno Nacional. All\u00ed, en el parque de la ex Quinta Rocca, que est\u00e1 siendo puesto en valor por el municipio, el Gobernador convers\u00f3 con estudiantes de nivel secundario y universitario.<\/p>\n\n\n\n<p>En ese marco, Kicillof destac\u00f3: \u201cLa educaci\u00f3n p\u00fablica es la principal herramienta de una comunidad que tiene un proyecto colectivo y aspira a la movilidad social ascendente y al desarrollo con equidad\u201d. \u201cLas universidades del conurbano est\u00e1n llenas de hijos de trabajadores: son la primera generaci\u00f3n de sus familias en acceder a estudios superiores y pueden hacerlo porque la universidad es p\u00fablica, gratuita y, sobre todo, est\u00e1 cerca\u201d, explic\u00f3.<\/p>\n\n\n\n<p>\u201cA pesar de eso, Milei est\u00e1 llevando adelante un desfinanciamiento hist\u00f3rico de las universidades: aqu\u00ed en Almirante Brown paraliz\u00f3 las obras para construir m\u00e1s aulas y permitir que los pibes y pibas puedan llegar en tren\u201d, sostuvo el Gobernador y a\u00f1adi\u00f3: \u201cLo mismo hizo con la infraestructura en materia de salud y vialidad en todo el pa\u00eds: frenar la obra p\u00fablica es inhumano; apostar a ella, como hacemos en la Provincia, es darle dignidad a nuestro pueblo\u201d.<\/p>\n\n\n\n<p>La Ruta 4, tambi\u00e9n conocida como Camino de Cintura, atraviesa 12 municipios a lo largo de 70 kil\u00f3metros, y conforma el segundo anillo de circunvalaci\u00f3n del \u00e1rea metropolitana. En el tramo que comprende a Almirante Brown, la Provincia invierte m\u00e1s de $45.000 millones para mejorar la circulaci\u00f3n vehicular y fortalecer la conectividad de la regi\u00f3n.<\/p>\n\n\n\n<p>Por su parte, Magario resalt\u00f3: \u201cEste es un tiempo dif\u00edcil para todos: hay despidos, los salarios no alcanzan y el consumo popular se derrumba. Frente a eso, mientras otros se ausentan, en la Provincia seguimos sosteniendo la educaci\u00f3n y la salud p\u00fablica para que ninguna familia quede a la deriva\u201d. \u201cHay dos formas de gobernar: una que abandona a nuestra gente y otra que todos los d\u00edas se ocupa de mejorar. Esa es la diferencia entre un Gobierno que ajusta y un Gobierno que protege a nuestro pueblo\u201d, explic\u00f3.<\/p>\n\n\n\n<p>\u201cHoy est\u00e1 presente el debate sobre la importancia del Estado: cada vez que recorremos los barrios confirmamos que en Almirante Brown se necesita un Estado fuerte, comprometido y eficiente, que d\u00e9 respuesta a las necesidades de la gente\u201d, se\u00f1al\u00f3 Cascallares y agreg\u00f3: \u201cSabemos que no contamos con el apoyo del Gobierno nacional, pero s\u00ed con una Provincia de Buenos Aires que est\u00e1 cerca para fortalecer las pol\u00edticas que les traen m\u00e1s y mejores oportunidades a nuestros vecinos\u201d.<\/p>\n\n\n\n<p>En tanto, Grabois subray\u00f3: \u201cLa pr\u00f3xima elecci\u00f3n es crucial para defender a la provincia de Buenos Aires y al gobierno de Axel Kicillof, para ponerse del lado de los trabajadores y de los m\u00e1s humildes y lograr as\u00ed una sociedad m\u00e1s justa y un pa\u00eds soberano\u201d.<\/p>\n\n\n\n<p>Por \u00faltimo, Kicillof remarc\u00f3: \u201cHay que decir las cosas con todas las letras. Cada puesto de trabajo que se pierde, cada jubilado que no puede pagar sus remedios y cada discapacitado que dej\u00f3 de recibir asistencia del Estado, tiene un responsable: se llama Javier Milei\u201d. \u201cA esa pol\u00edtica individualista y cruel hay que darle una respuesta colectiva el pr\u00f3ximo 7 de septiembre: si alguien est\u00e1 dudando en ir a votar, es momento de convencerlo de que convierta su enojo e indignaci\u00f3n en un voto por la boleta de Fuerza Patria\u201d, concluy\u00f3.<\/p>\n\n\n\n<p>Finalmente, las autoridades participaron en el Parque Don Orione de la celebraci\u00f3n por los 12 a\u00f1os de la localidad de San Francisco de As\u00eds, donde dialogaron con vecinos y vecinas que disfrutaron de diferentes propuestas culturales y gastron\u00f3micas.<\/p>\n\n\n\n<p>Estuvieron presentes la jefa de Asesores del Gobernador, Cristina \u00c1lvarez Rodr\u00edguez; el ministro de Gobierno, Carlos Bianco; la ministra de Ambiente, Daniela Vilar; la jefa de Gabinete del Ministerio de Trabajo, Cecilia Cecchini; el administrador de la Direcci\u00f3n de Vialidad bonaerense, Roberto Caggiano; y el subadministrador, Hern\u00e1n Y Zurieta; el senador provincial Federico Fagioli y su par Mar\u00eda Rosa Mart\u00ednez; el vicerrector de UNAB, Facundo Nejamkis; y la presidenta del Club Atl\u00e9tico Monteverde, Liliana S\u00e1nchez.<\/p>\n","protected":false},"excerpt":{"rendered":"<p>El gobernador Axel Kicillof mantuvo este viernes un encuentro con estudiantes en la Universidad Nacional Guillermo Brown (UNaB) y, junto a la vicegobernadora Ver\u00f3nica Magario; el ministro de Infraestructura y Servicios P\u00fablicos, Gabriel Katopodis; y el intendente de Almirante Brown, Mariano Cascallares, recorri\u00f3 los avances de las obras de mejora integral de la Ruta Provincial [&hellip;]<\/p>\n","protected":false},"author":4,"featured_media":18694,"comment_status":"open","ping_status":"open","sticky":false,"template":"","format":"standard","meta":{"footnotes":""},"categories":[1],"tags":[1906,28,1055],"_links":{"self":[{"href":"https:\/\/enlamira.info\/index.php\/wp-json\/wp\/v2\/posts\/18697"}],"collection":[{"href":"https:\/\/enlamira.info\/index.php\/wp-json\/wp\/v2\/posts"}],"about":[{"href":"https:\/\/enlamira.info\/index.php\/wp-json\/wp\/v2\/types\/post"}],"author":[{"embeddable":true,"href":"https:\/\/enlamira.info\/index.php\/wp-json\/wp\/v2\/users\/4"}],"replies":[{"embeddable":true,"href":"https:\/\/enlamira.info\/index.php\/wp-json\/wp\/v2\/comments?post=18697"}],"version-history":[{"count":1,"href":"https:\/\/enlamira.info\/index.php\/wp-json\/wp\/v2\/posts\/18697\/revisions"}],"predecessor-version":[{"id":18698,"href":"https:\/\/enlamira.info\/index.php\/wp-json\/wp\/v2\/posts\/18697\/revisions\/18698"}],"wp:featuredmedia":[{"embeddable":true,"href":"https:\/\/enlamira.info\/index.php\/wp-json\/wp\/v2\/media\/18694"}],"wp:attachment":[{"href":"https:\/\/enlamira.info\/index.php\/wp-json\/wp\/v2\/media?parent=18697"}],"wp:term":[{"taxonomy":"category","embeddable":true,"href":"https:\/\/enlamira.info\/index.php\/wp-json\/wp\/v2\/categories?post=18697"},{"taxonomy":"post_tag","embeddable":true,"href":"https:\/\/enlamira.info\/index.php\/wp-json\/wp\/v2\/tags?post=18697"}],"curies":[{"name":"wp","href":"https:\/\/api.w.org\/{rel}","templated":true}]}}