{"id":18692,"date":"2025-08-30T00:56:41","date_gmt":"2025-08-30T03:56:41","guid":{"rendered":"https:\/\/enlamira.info\/?p=18692"},"modified":"2025-08-30T00:56:41","modified_gmt":"2025-08-30T03:56:41","slug":"mayra-mendoza-y-cecilia-soler-se-reunieron-con-instituciones-de-bernal-en-el-marco-del-aniversario-de-la-ciudad","status":"publish","type":"post","link":"https:\/\/enlamira.info\/index.php\/2025\/08\/30\/mayra-mendoza-y-cecilia-soler-se-reunieron-con-instituciones-de-bernal-en-el-marco-del-aniversario-de-la-ciudad\/","title":{"rendered":"Mayra Mendoza y Cecilia Soler se reunieron con instituciones de Bernal en el marco del aniversario de la ciudad"},"content":{"rendered":"\n<p>La intendenta de Quilmes, Mayra Mendoza, y la secretaria de Desarrollo Urbano y Obra P\u00fablica y candidata a 1\u00b0 Concejala por Fuerza Patria Quilmes, Ceci Soler, participaron este viernes de un encuentro con representantes de entidades y clubes hist\u00f3ricos de Bernal, en un acto institucional que se llev\u00f3 a cabo en la Asociaci\u00f3n Italiana Ex Combatientes de Bernal (Cerrito 380), en el marco de una nueva conmemoraci\u00f3n del aniversario de la declaraci\u00f3n de Bernal como ciudad.<\/p>\n\n\n\n<p>\u201cLes ped\u00ed a los representantes de las instituciones que nos acompa\u00f1en porque esto es un reconocimiento a la organizaci\u00f3n, al trabajo y al aporte a la comunidad que hacen todos ustedes a esta querida ciudad de Bernal. El trabajo que tienen las entidades de bien p\u00fablico de Bernal es realmente un ejemplo, c\u00f3mo trabajan, el compromiso de generaci\u00f3n en generaci\u00f3n que va sucediendo, es algo que tenemos que cuidar much\u00edsimo y fortalecer\u201d, expres\u00f3 Mayra.<\/p>\n\n\n\n<p>Y afirm\u00f3: \u201cNosotros sabemos que nadie individualmente puede lograr nada. Todo tiene que ser de manera colectiva, mancomunada, solidaria y en comunidad. Y esto es lo que me parece importante poder transmitir en estos momentos. Seguir fortaleciendo esta idea de comunidad organizada para que no nos gane ese relato de que individualmente y de manera ego\u00edsta uno se puede salvar o puede estar bien. Esto es lo que realmente siento como Intendenta\u201d.<\/p>\n\n\n\n<p>En la actividad, adem\u00e1s de una fluida charla sobre el trabajo en conjunto que las instituciones realizan con la Comuna, se comunic\u00f3 que los tradicionales Fogones se llevar\u00e1n a cabo el s\u00e1bado 13 de septiembre. Los mismos ser\u00e1n organizados por los Bomberos Voluntarios de Bernal y entidades locales con el permanente acompa\u00f1amiento del Municipio de Quilmes.<\/p>\n\n\n\n<p>Por su parte, el comandante en jefe de los Bomberos Voluntarios de Bernal, Jorge Froio, cont\u00f3: \u201cPara nosotros es una fecha de celebraci\u00f3n somos una de las entidades que cuida de todos los vecinos de Bernal. Es importante fortalecer los lazos entre el Municipio y nosotros, como tambi\u00e9n con las otras entidades de Quilmes. Tenemos que hacer un trabajo mancomunado y siempre en beneficio de la poblaci\u00f3n y los vecinos de Bernal\u201d.<\/p>\n\n\n\n<p>En esa l\u00ednea, el presidente de la Comisi\u00f3n Amigos de Santa Coloma, Ricardo Manj\u00f3n, dijo: \u201cA todas las instituciones que participamos en Bernal en distintas actividades nos honra estar hoy ac\u00e1. Como bernalense nacido y criado aqu\u00ed, me siento orgulloso y creo que el aporte cultural e hist\u00f3rico de esta localidad es fundamental\u201d.<\/p>\n\n\n\n<p>Participaron del encuentro el secretario de Ambiente y GIRSU, Roberto Gaudio; sus pares de Mujeres, Diversidades y DDHH, B\u00e1rbara Cocimano; de Comunicaci\u00f3n, Alberto De Fazio; el subsecretario de Deportes y Entidades de Bien P\u00fablico y 4\u00ba candidato a concejal por FP, Nicol\u00e1s Mellino; sus pares de Participaci\u00f3n y Relaciones Institucionales, Facundo Rivero; la diputada provincial y candidata a Concejal por FP, Berenice Latorre; la directora de Culto, Mariana Rodr\u00edguez; su par de Relaciones Institucionales, Fernando Collizzolli; la presidenta del bloque de concejales de UP en el HCD local, Eva Mieri; los concejales de UP Ezequiel Arauz y Mariano Casado, entre otros funcionarios, autoridades y representantes de instituciones y organizaciones de Bernal.<\/p>\n","protected":false},"excerpt":{"rendered":"<p>La intendenta de Quilmes, Mayra Mendoza, y la secretaria de Desarrollo Urbano y Obra P\u00fablica y candidata a 1\u00b0 Concejala por Fuerza Patria Quilmes, Ceci Soler, participaron este viernes de un encuentro con representantes de entidades y clubes hist\u00f3ricos de Bernal, en un acto institucional que se llev\u00f3 a cabo en la Asociaci\u00f3n Italiana Ex [&hellip;]<\/p>\n","protected":false},"author":4,"featured_media":18693,"comment_status":"open","ping_status":"open","sticky":false,"template":"","format":"standard","meta":{"footnotes":""},"categories":[1],"tags":[28,2006,443],"_links":{"self":[{"href":"https:\/\/enlamira.info\/index.php\/wp-json\/wp\/v2\/posts\/18692"}],"collection":[{"href":"https:\/\/enlamira.info\/index.php\/wp-json\/wp\/v2\/posts"}],"about":[{"href":"https:\/\/enlamira.info\/index.php\/wp-json\/wp\/v2\/types\/post"}],"author":[{"embeddable":true,"href":"https:\/\/enlamira.info\/index.php\/wp-json\/wp\/v2\/users\/4"}],"replies":[{"embeddable":true,"href":"https:\/\/enlamira.info\/index.php\/wp-json\/wp\/v2\/comments?post=18692"}],"version-history":[{"count":1,"href":"https:\/\/enlamira.info\/index.php\/wp-json\/wp\/v2\/posts\/18692\/revisions"}],"predecessor-version":[{"id":18696,"href":"https:\/\/enlamira.info\/index.php\/wp-json\/wp\/v2\/posts\/18692\/revisions\/18696"}],"wp:featuredmedia":[{"embeddable":true,"href":"https:\/\/enlamira.info\/index.php\/wp-json\/wp\/v2\/media\/18693"}],"wp:attachment":[{"href":"https:\/\/enlamira.info\/index.php\/wp-json\/wp\/v2\/media?parent=18692"}],"wp:term":[{"taxonomy":"category","embeddable":true,"href":"https:\/\/enlamira.info\/index.php\/wp-json\/wp\/v2\/categories?post=18692"},{"taxonomy":"post_tag","embeddable":true,"href":"https:\/\/enlamira.info\/index.php\/wp-json\/wp\/v2\/tags?post=18692"}],"curies":[{"name":"wp","href":"https:\/\/api.w.org\/{rel}","templated":true}]}}