{"id":18668,"date":"2025-08-29T00:04:00","date_gmt":"2025-08-29T03:04:00","guid":{"rendered":"https:\/\/enlamira.info\/?p=18668"},"modified":"2025-08-28T20:45:23","modified_gmt":"2025-08-28T23:45:23","slug":"otermin-en-ningun-caso-puede-aparecer-la-violencia-en-situaciones-politicas","status":"publish","type":"post","link":"https:\/\/enlamira.info\/index.php\/2025\/08\/29\/otermin-en-ningun-caso-puede-aparecer-la-violencia-en-situaciones-politicas\/","title":{"rendered":"Oterm\u00edn: \u201cEn ning\u00fan caso puede aparecer la violencia en situaciones pol\u00edticas\u201d"},"content":{"rendered":"\n<p>El intendente de Lomas de Zamora, Federico Oterm\u00edn, rechaz\u00f3 hoy la violencia que sufri\u00f3 la caravana que trasladaba al presidente Javier Milei en esa localidad, en el marco de la campa\u00f1a electoral para las elecciones bonaerenses del 7 de septiembre, y sostuvo que hechos como ese \u201cno pueden\u201d aceptarse \u201cen ning\u00fan caso\u201d.<\/p>\n\n\n\n<p>\u201cNo puede ser que aparezca la violencia en situaciones pol\u00edticas en ning\u00fan caso\u201d, expres\u00f3 Oterm\u00edn.<\/p>\n\n\n\n<p>En esa l\u00ednea, el jefe comunal de Lomas de Zamora dijo que las diferentes consignas partidarias se deben \u201cdirimir en las urnas\u201d y record\u00f3 que por la ma\u00f1ana hab\u00eda hecho un llamado a que \u201ctodo se desarrolle en paz y que cada uno se pueda expresar\u201d.<\/p>\n\n\n\n<p>Oterm\u00edn hab\u00eda publicado en redes sociales un mensaje a la \u201ccomunidad\u201d donde advert\u00eda que la caravana libertaria no ser\u00eda bienvenida en esa localidad.<\/p>\n\n\n\n<p>\u201cResulta absurda la idea de obstaculizar la avenida Yrigoyen un d\u00eda y horario laborable, molestando a la gente, a comerciantes, a padres que buscan a sus hijos en el jard\u00edn\u201d, alert\u00f3 Oterm\u00edn en ese documento y a\u00f1adi\u00f3: \u201cVimos tambi\u00e9n en las redes convocatorias a repudiar a Milei. En ese sentido, como intendente de Lomas de Zamora me parece fundamental dar un mensaje de paz y respeto por la democracia. Que cada persona se exprese con tranquilidad y sin ning\u00fan tipo de violencia\u201d.<\/p>\n\n\n\n<p>\u201cPara los que quieran expresar su rechazo a Milei, y a su forma de gobernar de mulos del FMI; los que quieran respaldar a los jubilados, a los discapacitados, a los estudiantes, a los trabajadores de la salud, est\u00e1n las urnas el domingo 7 de septiembre\u201d, manifest\u00f3 el jefe comunal lomense.<\/p>\n\n\n\n<p>Una caravana de campa\u00f1a encabezada por el Presidente fue evacuada hoy despu\u00e9s de graves incidentes, cuando un grupo de personas arroj\u00f3 piedras y otros objetos contra el veh\u00edculo que trasladaba al mandatario.<\/p>\n","protected":false},"excerpt":{"rendered":"<p>El intendente de Lomas de Zamora, Federico Oterm\u00edn, rechaz\u00f3 hoy la violencia que sufri\u00f3 la caravana que trasladaba al presidente Javier Milei en esa localidad, en el marco de la campa\u00f1a electoral para las elecciones bonaerenses del 7 de septiembre, y sostuvo que hechos como ese \u201cno pueden\u201d aceptarse \u201cen ning\u00fan caso\u201d. \u201cNo puede ser [&hellip;]<\/p>\n","protected":false},"author":4,"featured_media":18657,"comment_status":"open","ping_status":"open","sticky":false,"template":"","format":"standard","meta":{"footnotes":""},"categories":[1],"tags":[28,1892],"_links":{"self":[{"href":"https:\/\/enlamira.info\/index.php\/wp-json\/wp\/v2\/posts\/18668"}],"collection":[{"href":"https:\/\/enlamira.info\/index.php\/wp-json\/wp\/v2\/posts"}],"about":[{"href":"https:\/\/enlamira.info\/index.php\/wp-json\/wp\/v2\/types\/post"}],"author":[{"embeddable":true,"href":"https:\/\/enlamira.info\/index.php\/wp-json\/wp\/v2\/users\/4"}],"replies":[{"embeddable":true,"href":"https:\/\/enlamira.info\/index.php\/wp-json\/wp\/v2\/comments?post=18668"}],"version-history":[{"count":1,"href":"https:\/\/enlamira.info\/index.php\/wp-json\/wp\/v2\/posts\/18668\/revisions"}],"predecessor-version":[{"id":18669,"href":"https:\/\/enlamira.info\/index.php\/wp-json\/wp\/v2\/posts\/18668\/revisions\/18669"}],"wp:featuredmedia":[{"embeddable":true,"href":"https:\/\/enlamira.info\/index.php\/wp-json\/wp\/v2\/media\/18657"}],"wp:attachment":[{"href":"https:\/\/enlamira.info\/index.php\/wp-json\/wp\/v2\/media?parent=18668"}],"wp:term":[{"taxonomy":"category","embeddable":true,"href":"https:\/\/enlamira.info\/index.php\/wp-json\/wp\/v2\/categories?post=18668"},{"taxonomy":"post_tag","embeddable":true,"href":"https:\/\/enlamira.info\/index.php\/wp-json\/wp\/v2\/tags?post=18668"}],"curies":[{"name":"wp","href":"https:\/\/api.w.org\/{rel}","templated":true}]}}