{"id":18665,"date":"2025-08-29T00:03:00","date_gmt":"2025-08-29T03:03:00","guid":{"rendered":"https:\/\/enlamira.info\/?p=18665"},"modified":"2025-08-28T20:44:26","modified_gmt":"2025-08-28T23:44:26","slug":"cascallares-y-eichel-recorrieron-la-obra-de-cobertura-del-natatorio-del-polideportivo-de-calzada","status":"publish","type":"post","link":"https:\/\/enlamira.info\/index.php\/2025\/08\/29\/cascallares-y-eichel-recorrieron-la-obra-de-cobertura-del-natatorio-del-polideportivo-de-calzada\/","title":{"rendered":"Cascallares y Eichel recorrieron la obra de cobertura del natatorio del polideportivo de Calzada"},"content":{"rendered":"\n<p>El intendente Mariano Cascallares y la secretaria de Prevenci\u00f3n y Seguridad Ciudadania, Paula Eichel, recorrieron las obras de la segunda etapa del Polideportivo y Natatorio Municipal de Rafael Calzada que incluye la construcci\u00f3n de la cubierta del complejo que financia la Comuna browniana con recursos propios.<\/p>\n\n\n\n<p>En las \u00faltimas semanas se avanza con la colocaci\u00f3n de los anclajes para el techo del natatorio semiol\u00edmpico y el estadio que cuenta con un play\u00f3n deportivo multifunci\u00f3n para la pr\u00e1ctica de f\u00fatbol, b\u00e1squet y v\u00f3ley con una superficie total de 2500 m2. Se trata de una cubierta con terminaci\u00f3n de chapa de color azul, y chapas trasl\u00facidas intercaladas para que pase la luz, sostenida por una estructura met\u00e1lica ligada a la de hormig\u00f3n de todo el edificio.<\/p>\n\n\n\n<p>Cabe se\u00f1alar tambi\u00e9n que la segunda etapa de la obra incluye la climatizaci\u00f3n del agua del natatorio y el acondicionamiento del aire en el sector de vestuarios y de la pileta. Adem\u00e1s, se llevar\u00e1n adelante las terminaciones de revoques y pintura, las carpinter\u00edas necesarias y el tendido de iluminaci\u00f3n interior.<\/p>\n\n\n\n<p>Una vez terminadas las obras, el complejo deportivo podr\u00e1 usarse a lo largo de todo el a\u00f1o ya que contar\u00e1 con el cerramiento de cubierta y el agua y aire climatizados.<\/p>\n\n\n\n<p>\u201cPusimos en marcha, con fondos propios del Municipio, la segunda etapa de la obra del Polideportivo y Natatorio de Rafael Calzada que incluye el cerramiento con la construcci\u00f3n del techo y la posterior climatizaci\u00f3n del establecimiento, lo que permitir\u00e1 ampliar los servicios y que nuestros vecinos y vecinas puedan utilizarlo durante todo el a\u00f1o\u201d, indic\u00f3 el intendente Mariano Cascallares.<\/p>\n\n\n\n<p>Si bien el plazo de ejecuci\u00f3n es de seis meses, y los trabajos arrancaron en la segunda quincena de junio, se estima contar con un importante avance para el pr\u00f3ximo mes de octubre.<\/p>\n\n\n\n<p>Vale recordar que el espacio ubicado en la calle G\u00fcemes, entre Andrade y Espa\u00f1a, en el l\u00edmite entre las localidades de Rafael Calzada y Claypole, cuenta con una pileta semi-ol\u00edmpica de 15&#215;25 metros con seis andariveles, junto con otra m\u00e1s peque\u00f1a de 4&#215;12 metros de poca profundidad, y un play\u00f3n deportivo multifunci\u00f3n, m\u00f3dulos sanitarios y servicios.<\/p>\n\n\n\n<p>El complejo deportivo ya funcion\u00f3 con \u00e9xito como sede de la Colonia de Verano 2025 con la asistencia de cientos de chicos y j\u00f3venes de instituciones de Almirante Brown que aprovecharon las instalaciones para realizar actividades acu\u00e1ticas y de esparcimiento.<\/p>\n\n\n\n<p>Precisamente est\u00e1 pensado para el desarrollo de numerosas pr\u00e1cticas en el agua y tratamientos vinculados a la nataci\u00f3n para los ni\u00f1os, ni\u00f1as, adolescentes de las escuelas p\u00fablicas del distrito, personas con discapacidad y adultos mayores, adem\u00e1s de las colonias de verano e invierno, entre otras propuestas.<\/p>\n","protected":false},"excerpt":{"rendered":"<p>El intendente Mariano Cascallares y la secretaria de Prevenci\u00f3n y Seguridad Ciudadania, Paula Eichel, recorrieron las obras de la segunda etapa del Polideportivo y Natatorio Municipal de Rafael Calzada que incluye la construcci\u00f3n de la cubierta del complejo que financia la Comuna browniana con recursos propios. En las \u00faltimas semanas se avanza con la colocaci\u00f3n [&hellip;]<\/p>\n","protected":false},"author":4,"featured_media":18658,"comment_status":"open","ping_status":"open","sticky":false,"template":"","format":"standard","meta":{"footnotes":""},"categories":[1],"tags":[1906,1899,28],"_links":{"self":[{"href":"https:\/\/enlamira.info\/index.php\/wp-json\/wp\/v2\/posts\/18665"}],"collection":[{"href":"https:\/\/enlamira.info\/index.php\/wp-json\/wp\/v2\/posts"}],"about":[{"href":"https:\/\/enlamira.info\/index.php\/wp-json\/wp\/v2\/types\/post"}],"author":[{"embeddable":true,"href":"https:\/\/enlamira.info\/index.php\/wp-json\/wp\/v2\/users\/4"}],"replies":[{"embeddable":true,"href":"https:\/\/enlamira.info\/index.php\/wp-json\/wp\/v2\/comments?post=18665"}],"version-history":[{"count":1,"href":"https:\/\/enlamira.info\/index.php\/wp-json\/wp\/v2\/posts\/18665\/revisions"}],"predecessor-version":[{"id":18666,"href":"https:\/\/enlamira.info\/index.php\/wp-json\/wp\/v2\/posts\/18665\/revisions\/18666"}],"wp:featuredmedia":[{"embeddable":true,"href":"https:\/\/enlamira.info\/index.php\/wp-json\/wp\/v2\/media\/18658"}],"wp:attachment":[{"href":"https:\/\/enlamira.info\/index.php\/wp-json\/wp\/v2\/media?parent=18665"}],"wp:term":[{"taxonomy":"category","embeddable":true,"href":"https:\/\/enlamira.info\/index.php\/wp-json\/wp\/v2\/categories?post=18665"},{"taxonomy":"post_tag","embeddable":true,"href":"https:\/\/enlamira.info\/index.php\/wp-json\/wp\/v2\/tags?post=18665"}],"curies":[{"name":"wp","href":"https:\/\/api.w.org\/{rel}","templated":true}]}}