{"id":1866,"date":"2024-03-24T22:57:05","date_gmt":"2024-03-25T01:57:05","guid":{"rendered":"https:\/\/enlamira.info\/?p=1866"},"modified":"2024-03-24T23:05:08","modified_gmt":"2024-03-25T02:05:08","slug":"maximo-kirchner-critico-el-spot-del-gobierno-en-el-dia-de-la-memoria","status":"publish","type":"post","link":"https:\/\/enlamira.info\/index.php\/2024\/03\/24\/maximo-kirchner-critico-el-spot-del-gobierno-en-el-dia-de-la-memoria\/","title":{"rendered":"M\u00e1ximo Kirchner critic\u00f3 el spot del Gobierno en el D\u00eda de la Memoria"},"content":{"rendered":"\n<p>El diputado nacional asegur\u00f3 que tienen \u201cdesprecio por la gente\u201d y critic\u00f3 al Gobierno de Javier Milei.<\/p>\n\n\n\n<p>El diputado nacional por el Frente de Todos,\u00a0M\u00e1ximo\u00a0Kirchner, es una de las principales figuras de la marcha por el\u00a0D\u00eda de la Memoria, que parti\u00f3 desde el edificio de la ESMA hacia Plaza de Mayo. Al comenzar el evento conmemorativo del 24 de marzo, se manifest\u00f3 muy cr\u00edtico con relaci\u00f3n al\u00a0video\u00a0publicado por el gobierno nacional a 48 a\u00f1os de la \u00faltima dictadura militar.<\/p>\n\n\n\n<p>Este domingo, \u00a0la Casa Rosada difundi\u00f3 un video en el cual no aparecen el presidente Javier\u00a0Milei\u00a0ni la vice Victoria\u00a0Villarruel. Bajo el lema\u00a0\u201cD\u00eda de la Memoria por la Verdad y la Justicia. Completa\u201d, el material\u00a0pone en tela de juicio el n\u00famero de 30 mil desaparecidos y reitera la convocatoria al Pacto de Mayo, iniciativa impulsada por el mandatario Milei.<\/p>\n\n\n\n<p>\u201cDesde la primera magistratura del Estado se pone en duda la tragedia argentina. Creo que eso nunca es bueno, hay una situaci\u00f3n de desprecio no solo por el pasado, las torturas, sino por el presente por la gente\u201d, plante\u00f3 el legislador K.<\/p>\n\n\n\n<p>El video destaca las v\u00edctimas civiles de los atentados previos al golpe de Estado de 1976 y presenta testimonios como el del ex guerrillero de la organizaci\u00f3n Fuerzas Armadas Peronistas (FAP), Luis Labra\u00f1a, el exjefe de la SIDE en el menemismo, Juan Bautista \u201cTata\u201d Yofre, y la hija del capit\u00e1n Humberto Viola, asesinado por el ERP junto a su hija en Tucum\u00e1n.<\/p>\n\n\n\n<p>La postura del Ejecutivo es enfatizar el respeto hacia todas las v\u00edctimas de los a\u00f1os setenta y manifestarse en contra de la dictadura c\u00edvico-militar en el D\u00eda de la Memoria. La producci\u00f3n del video estuvo a cargo del publicista y director audiovisual de la Presidencia,\u00a0Santiago Or\u00eda, en colaboraci\u00f3n con su equipo, y la l\u00ednea discursiva fue establecida por el asesor presidencial Santiago Caputo.<\/p>\n\n\n\n<p>Entre los testimonios destacados,\u00a0Yofre\u00a0plante\u00f3 la posibilidad de \u201csanar y curar las heridas del pasado\u201d y llam\u00f3 a la uni\u00f3n de los argentinos mirando hacia adelante, mientras que Labra\u00f1a cuestion\u00f3 la cifra de 30 mil desaparecidos, se\u00f1alando que fue inventada en una gesti\u00f3n en Holanda y que \u00e9l mismo la propuso como una manera de finalizar la discusi\u00f3n<\/p>\n\n\n\n<figure class=\"wp-block-embed is-type-rich is-provider-twitter wp-block-embed-twitter\"><div class=\"wp-block-embed__wrapper\">\n<blockquote class=\"twitter-tweet\" data-width=\"550\" data-dnt=\"true\"><p lang=\"es\" dir=\"ltr\">D\u00eda de la Memoria por la Verdad y la Justicia. Completa.<br><br> <a href=\"https:\/\/t.co\/SxcPQQkBZY\">pic.twitter.com\/SxcPQQkBZY<\/a><\/p>&mdash; Oficina del Presidente (@OPRArgentina) <a href=\"https:\/\/twitter.com\/OPRArgentina\/status\/1771910782428618896?ref_src=twsrc%5Etfw\">March 24, 2024<\/a><\/blockquote><script async src=\"https:\/\/platform.twitter.com\/widgets.js\" charset=\"utf-8\"><\/script>\n<\/div><\/figure>\n","protected":false},"excerpt":{"rendered":"<p>El diputado nacional asegur\u00f3 que tienen \u201cdesprecio por la gente\u201d y critic\u00f3 al Gobierno de Javier Milei. El diputado nacional por el Frente de Todos,\u00a0M\u00e1ximo\u00a0Kirchner, es una de las principales figuras de la marcha por el\u00a0D\u00eda de la Memoria, que parti\u00f3 desde el edificio de la ESMA hacia Plaza de Mayo. Al comenzar el evento [&hellip;]<\/p>\n","protected":false},"author":2,"featured_media":1883,"comment_status":"open","ping_status":"open","sticky":false,"template":"","format":"standard","meta":{"footnotes":""},"categories":[20],"tags":[],"_links":{"self":[{"href":"https:\/\/enlamira.info\/index.php\/wp-json\/wp\/v2\/posts\/1866"}],"collection":[{"href":"https:\/\/enlamira.info\/index.php\/wp-json\/wp\/v2\/posts"}],"about":[{"href":"https:\/\/enlamira.info\/index.php\/wp-json\/wp\/v2\/types\/post"}],"author":[{"embeddable":true,"href":"https:\/\/enlamira.info\/index.php\/wp-json\/wp\/v2\/users\/2"}],"replies":[{"embeddable":true,"href":"https:\/\/enlamira.info\/index.php\/wp-json\/wp\/v2\/comments?post=1866"}],"version-history":[{"count":2,"href":"https:\/\/enlamira.info\/index.php\/wp-json\/wp\/v2\/posts\/1866\/revisions"}],"predecessor-version":[{"id":1869,"href":"https:\/\/enlamira.info\/index.php\/wp-json\/wp\/v2\/posts\/1866\/revisions\/1869"}],"wp:featuredmedia":[{"embeddable":true,"href":"https:\/\/enlamira.info\/index.php\/wp-json\/wp\/v2\/media\/1883"}],"wp:attachment":[{"href":"https:\/\/enlamira.info\/index.php\/wp-json\/wp\/v2\/media?parent=1866"}],"wp:term":[{"taxonomy":"category","embeddable":true,"href":"https:\/\/enlamira.info\/index.php\/wp-json\/wp\/v2\/categories?post=1866"},{"taxonomy":"post_tag","embeddable":true,"href":"https:\/\/enlamira.info\/index.php\/wp-json\/wp\/v2\/tags?post=1866"}],"curies":[{"name":"wp","href":"https:\/\/api.w.org\/{rel}","templated":true}]}}