{"id":18655,"date":"2025-08-29T00:01:00","date_gmt":"2025-08-29T03:01:00","guid":{"rendered":"https:\/\/enlamira.info\/?p=18655"},"modified":"2025-08-28T20:41:53","modified_gmt":"2025-08-28T23:41:53","slug":"en-medio-de-insultos-cruzados-y-piedrazos-la-caravana-de-milei-paso-por-lomas","status":"publish","type":"post","link":"https:\/\/enlamira.info\/index.php\/2025\/08\/29\/en-medio-de-insultos-cruzados-y-piedrazos-la-caravana-de-milei-paso-por-lomas\/","title":{"rendered":"En medio de insultos cruzados y piedrazos, la caravana de Milei pas\u00f3 por Lomas"},"content":{"rendered":"\n<p>La caravana de Javier Milei por Lomas de Zamora termin\u00f3 de la peor manera. En medio de insultos cruzados entre manifestantes opositores y de La Libertad Avanza, m\u00e1s algunas piedras que volaron sobre la camioneta donde iba el presidente, la comitiva presidencial debi\u00f3 abortar la actividad de golpe, en pleno centro lomense.<\/p>\n\n\n\n<p>En la camioneta, que parti\u00f3 de Temperley acompa\u00f1ada por camionetas ploteadas con la imagen de Milei y por autos particulares, iban junto al presidente, su hermana, Karina Milei, el diputado nacional Jos\u00e9 Luis Espert y el candidato a diputado provincial por la Tercera Secci\u00f3n Electoral, Maximiliano Brondarenko.<\/p>\n\n\n\n<p>Custodiada por m\u00f3viles policiales, la caravana se desarroll\u00f3 sin problemas hasta la neur\u00e1lgica esquina de Laprida y la avenida Yrigoyen. All\u00ed, esperaban militantes de La Libertad Avanza al presidente y hasta all\u00ed llegaron tambi\u00e9n militantes opositores a Milei.<\/p>\n\n\n\n<p>La comitiva pensaba finalizar la caravana frente a la Plaza Grigera, donde ya hab\u00eda manifestantes contrarios a Milei, pero ante la tensa situaci\u00f3n, opt\u00f3 por detenerse en Yrigoyen y Laprida. \u201cEl presidente ten\u00eda pensado bajarse a saludar\u201d, cont\u00f3 una fuente libertaria.<\/p>\n\n\n\n<p>Fue en ese momento cuando los insultos recrudecieron, hubo empujones y un cascote dio en la camioneta blanca del presidente, muy cerca de donde iba Espert. Ante este hecho, la comitiva presidencial apur\u00f3 el paso y se alej\u00f3 del lugar para evitar mayores incidentes que expusieran a Milei.<\/p>\n\n\n\n<p>\u201cMilitantes de la vieja pol\u00edtica, kirchnerismo en estado puro y un modelo de violencia que solo quieren los cavern\u00edcolas del pasado: atacaron con piedras la caravana donde se encontraba el Presidente de la Naci\u00f3n. No hay heridos. Lo \u00fanico que hay son muchos que van hacia el m\u00e1s absoluto de los olvidos: kirchnerismo nunca m\u00e1s\u201d, escribi\u00f3 el vocero presidencial, Manuel Adorni, en su cuenta de X, tras los hechos.<\/p>\n\n\n\n<p>Tambi\u00e9n la ministra de Seguridad, Patricia Bullrich, responsabiliz\u00f3 al kirchnerismo por lo sucedido. \u201cEl kirchnerismo organiz\u00f3 un ataque al Presidente en Lomas de Zamora, poniendo en riesgo a la gente y a las familias que lo fueron a acompa\u00f1ar. Estos tipos, para recuperar algo de poder, siembran violencia y caos. Kirchnerismo Nunca M\u00e1s\u201d, escribi\u00f3 en X.<\/p>\n\n\n\n<p>Tras los incidentes tambi\u00e9n hubo un repudio de parte de LLA: \u201cNO NOS VAN A FRENAR. Tiren todas las piedras que quieran. Rompan todas las cosas que quieran. En un a\u00f1o y medio, hemos bajado la pobreza del 52% al 31%. Es decir, sacamos a 12 millones de personas de la pobreza. 12 millones de personas que dejan de ser esclavos de los pol\u00edticos. Por eso est\u00e1n tan nerviosos, porque saben que el sistema que ellos armaron se termin\u00f3\u201d.<\/p>\n\n\n\n<p>\u201cDe un lado est\u00e1n los que tiran piedras, dejaron 52% de pobres y 54% de inflaci\u00f3n mensual. Del otro los que bajamos el gasto p\u00fablico terminando el deficit fiscal, sacamos a 12 millones de argentinos de la pobreza y exterminamos la inflaci\u00f3n. El 7 de septiembre las urnas lo expresaran claramente: Kirchnerismo Nunca M\u00e1s\u201d, finaliz\u00f3 el posteo en X.<\/p>\n\n\n\n<p>El rumor de posibles incidentes ya estaba instalado desde principios de esta semana cuando se confirm\u00f3 la presencia de Milei en Lomas de Zamora. Por eso, poco antes de la llegada del presidente, el intendente Federico Oterm\u00edn hizo un posteo en redes intentando calmar los \u00e1nimos. \u201cVimos tambi\u00e9n en las redes convocatorias a repudiar a Milei. En ese sentido, como intendente de Lomas de Zamora me parece fundamental dar un mensaje de paz y respeto por la democracia. Que cada persona se exprese con tranquilidad y sin ning\u00fan tipo de violencia. Lomas de Zamora es Pueblo de la Paz. Por favor, que hoy est\u00e9 todo en paz\u201d, expres\u00f3 el jefe comunal.<\/p>\n\n\n\n<p>Tras los hechos, desde LLA de Lomas responsabilizaron kirchnerismo por los hechos. \u201cEllos vienen a meterse en nuestra actividad cuando nosotros no nos metemos en su campa\u00f1a\u201d, argumentaron.<\/p>\n\n\n\n<p>Desde el oficialismo local, varios dirigentes coincidieron en la respuesta. \u201cMilei sab\u00eda que iba a recibir todo el rechazo de la gente de Lomas, e igualmente se pase\u00f3 por el centro. Fue una provocaci\u00f3n\u201d, dijeron.<\/p>\n","protected":false},"excerpt":{"rendered":"<p>La caravana de Javier Milei por Lomas de Zamora termin\u00f3 de la peor manera. En medio de insultos cruzados entre manifestantes opositores y de La Libertad Avanza, m\u00e1s algunas piedras que volaron sobre la camioneta donde iba el presidente, la comitiva presidencial debi\u00f3 abortar la actividad de golpe, en pleno centro lomense. En la camioneta, [&hellip;]<\/p>\n","protected":false},"author":4,"featured_media":18660,"comment_status":"open","ping_status":"open","sticky":false,"template":"","format":"standard","meta":{"footnotes":""},"categories":[1,20],"tags":[28,1892],"_links":{"self":[{"href":"https:\/\/enlamira.info\/index.php\/wp-json\/wp\/v2\/posts\/18655"}],"collection":[{"href":"https:\/\/enlamira.info\/index.php\/wp-json\/wp\/v2\/posts"}],"about":[{"href":"https:\/\/enlamira.info\/index.php\/wp-json\/wp\/v2\/types\/post"}],"author":[{"embeddable":true,"href":"https:\/\/enlamira.info\/index.php\/wp-json\/wp\/v2\/users\/4"}],"replies":[{"embeddable":true,"href":"https:\/\/enlamira.info\/index.php\/wp-json\/wp\/v2\/comments?post=18655"}],"version-history":[{"count":1,"href":"https:\/\/enlamira.info\/index.php\/wp-json\/wp\/v2\/posts\/18655\/revisions"}],"predecessor-version":[{"id":18656,"href":"https:\/\/enlamira.info\/index.php\/wp-json\/wp\/v2\/posts\/18655\/revisions\/18656"}],"wp:featuredmedia":[{"embeddable":true,"href":"https:\/\/enlamira.info\/index.php\/wp-json\/wp\/v2\/media\/18660"}],"wp:attachment":[{"href":"https:\/\/enlamira.info\/index.php\/wp-json\/wp\/v2\/media?parent=18655"}],"wp:term":[{"taxonomy":"category","embeddable":true,"href":"https:\/\/enlamira.info\/index.php\/wp-json\/wp\/v2\/categories?post=18655"},{"taxonomy":"post_tag","embeddable":true,"href":"https:\/\/enlamira.info\/index.php\/wp-json\/wp\/v2\/tags?post=18655"}],"curies":[{"name":"wp","href":"https:\/\/api.w.org\/{rel}","templated":true}]}}