{"id":18622,"date":"2025-08-27T00:02:00","date_gmt":"2025-08-27T03:02:00","guid":{"rendered":"https:\/\/enlamira.info\/?p=18622"},"modified":"2025-08-26T23:45:34","modified_gmt":"2025-08-27T02:45:34","slug":"exitoso-encuentro-de-psicologia-social-en-el-teatro-municipal-de-quilmes","status":"publish","type":"post","link":"https:\/\/enlamira.info\/index.php\/2025\/08\/27\/exitoso-encuentro-de-psicologia-social-en-el-teatro-municipal-de-quilmes\/","title":{"rendered":"Exitoso encuentro de psicolog\u00eda social en el Teatro Municipal de Quilmes"},"content":{"rendered":"\n<p>Con gran \u00e9xito de concurrencia se llev\u00f3 adelante el Foro Psicosocial de la Zona Sur, bajo el lema \u201cReencuentro psicosocial en los caminos del sur\u201d, que se desarroll\u00f3 en el Teatro Municipal de Quilmes, sito en Mitre 721, con las mesas tem\u00e1ticas donde se abarcaron distintos t\u00f3picos de inter\u00e9s.<\/p>\n\n\n\n<p>Se trat\u00f3 por ejemplo: \u201cPsicolog\u00eda Social con intervenciones en el \u00e1rea de Discapacidad\u201d; \u201cPsicolog\u00eda Social Intervenciones en el \u00e1rea de G\u00e9nero\u201d; \u201cPsicolog\u00eda Social: Intervenciones en el \u00e1rea de Salud Mental y Adicciones\u201d; \u201cPsicolog\u00eda Social: Intervenciones para la Educaci\u00f3n Popular\u201d y \u201cPsicolog\u00eda Social y Econom\u00eda Social y Solidaria una articulaci\u00f3n en construcci\u00f3n\u201d.<\/p>\n\n\n\n<p>La actividad comenz\u00f3 con las palabras de bienvenida del director del Centro PsicoSocial Argentino, profesor Daniel Gonz\u00e1lez, y durante cada uno de los espacios citados, los especialistas aportaron informaci\u00f3n de valor para los presentes y tambi\u00e9n hubo lugar para preguntas por parte de la audiencia.<\/p>\n\n\n\n<p>Una de las participantes del evento y adem\u00e1s coordinadora de Construyendo Alternativas, una instituci\u00f3n dedicada a la formaci\u00f3n de profesionales en materia de Psicolog\u00eda Social, Marisa Pav\u00f3n, coment\u00f3: \u201cFormamos parte del Centro Psicosocial Argentino y desde all\u00ed organizamos este foro que const\u00f3 de mesas tem\u00e1ticas para hablar acerca del desarrollo laboral que tenemos las personas que estudiamos Psicolog\u00eda Social, se presentaron experiencias en estos temas y compartimos tambi\u00e9n las mesas con otras organizaciones\u201d.<\/p>\n\n\n\n<p>En la misma l\u00ednea agreg\u00f3 que el evento \u201cfue todo un \u00e9xito. Tuvimos m\u00e1s de 480 personas inscriptas. Estamos, la verdad, sumamente contentas porque no solamente fue una experiencia de un momento, sino que esto se va a seguir multiplicando porque la difusi\u00f3n que hace la gente cuando asiste a un lugar as\u00ed es magn\u00edfica\u201d.<\/p>\n\n\n\n<p>A lo largo del d\u00eda participaron una gran cantidad de especialistas en materia de Psicolog\u00eda Social, Educaci\u00f3n, Pol\u00edticas de G\u00e9nero y Salud Mental, algunos de ellos fueron: B\u00e1rbara Cocimano, secretaria de Mujeres, Diversidades y Derechos Humanos del Municipio de Quilmes; Alberta Bottini, licenciada en Ciencias Pol\u00edticas por la Universit\u00e1 degli Studi di Milano (Italia) y docente en la UNQ; Anal\u00eda Pav\u00f3n, psicopedagoga, especialista en Trastornos del Neurodesarrollo; Karina Castagnola, referente de Familias TEA Quilmes; Diego C\u00e1ceres, psic\u00f3logo social y operador socioterap\u00e9utico en adicciones; Ignacio Blanco, psic\u00f3logo social, integrante de Curas en Opci\u00f3n por los Pobres.<\/p>\n\n\n\n<p>El evento tambi\u00e9n sirvi\u00f3 para la presentaci\u00f3n de una feria de emprendedores, en la que participaron: Tu Tienda de Libros, con art\u00edculos de librer\u00eda artesanales; EMAC Equipo de Mujeres que Asisten para una Mejor Calidad de Vida; SuperCrea, cooperativa de trabajo para la inclusi\u00f3n socio-laboral; Feria La Azulada, una feria de emprendedores por la econom\u00eda local y popular, y Athenea, un proyecto de costura creativa.<\/p>\n","protected":false},"excerpt":{"rendered":"<p>Con gran \u00e9xito de concurrencia se llev\u00f3 adelante el Foro Psicosocial de la Zona Sur, bajo el lema \u201cReencuentro psicosocial en los caminos del sur\u201d, que se desarroll\u00f3 en el Teatro Municipal de Quilmes, sito en Mitre 721, con las mesas tem\u00e1ticas donde se abarcaron distintos t\u00f3picos de inter\u00e9s. Se trat\u00f3 por ejemplo: \u201cPsicolog\u00eda Social [&hellip;]<\/p>\n","protected":false},"author":4,"featured_media":18619,"comment_status":"open","ping_status":"open","sticky":false,"template":"","format":"standard","meta":{"footnotes":""},"categories":[1],"tags":[28,443],"_links":{"self":[{"href":"https:\/\/enlamira.info\/index.php\/wp-json\/wp\/v2\/posts\/18622"}],"collection":[{"href":"https:\/\/enlamira.info\/index.php\/wp-json\/wp\/v2\/posts"}],"about":[{"href":"https:\/\/enlamira.info\/index.php\/wp-json\/wp\/v2\/types\/post"}],"author":[{"embeddable":true,"href":"https:\/\/enlamira.info\/index.php\/wp-json\/wp\/v2\/users\/4"}],"replies":[{"embeddable":true,"href":"https:\/\/enlamira.info\/index.php\/wp-json\/wp\/v2\/comments?post=18622"}],"version-history":[{"count":1,"href":"https:\/\/enlamira.info\/index.php\/wp-json\/wp\/v2\/posts\/18622\/revisions"}],"predecessor-version":[{"id":18623,"href":"https:\/\/enlamira.info\/index.php\/wp-json\/wp\/v2\/posts\/18622\/revisions\/18623"}],"wp:featuredmedia":[{"embeddable":true,"href":"https:\/\/enlamira.info\/index.php\/wp-json\/wp\/v2\/media\/18619"}],"wp:attachment":[{"href":"https:\/\/enlamira.info\/index.php\/wp-json\/wp\/v2\/media?parent=18622"}],"wp:term":[{"taxonomy":"category","embeddable":true,"href":"https:\/\/enlamira.info\/index.php\/wp-json\/wp\/v2\/categories?post=18622"},{"taxonomy":"post_tag","embeddable":true,"href":"https:\/\/enlamira.info\/index.php\/wp-json\/wp\/v2\/tags?post=18622"}],"curies":[{"name":"wp","href":"https:\/\/api.w.org\/{rel}","templated":true}]}}