{"id":18613,"date":"2025-08-26T15:11:00","date_gmt":"2025-08-26T18:11:00","guid":{"rendered":"https:\/\/enlamira.info\/?p=18613"},"modified":"2025-08-26T15:11:00","modified_gmt":"2025-08-26T18:11:00","slug":"alberto-el-mozo-del-tortoni-que-hoy-inspira-en-avellaneda","status":"publish","type":"post","link":"https:\/\/enlamira.info\/index.php\/2025\/08\/26\/alberto-el-mozo-del-tortoni-que-hoy-inspira-en-avellaneda\/","title":{"rendered":"Alberto, el mozo del Tortoni que hoy inspira en Avellaneda"},"content":{"rendered":"\n<p>A sus 87 a\u00f1os, Alberto contin\u00faa mostrando vitalidad y entusiasmo pese a vivir en situaci\u00f3n de calle. Su historia refleja resiliencia, memoria cultural y el valor de la solidaridad comunitaria.<\/p>\n\n\n\n<p>Alberto trabaj\u00f3 durante <strong>47 a\u00f1os en el Caf\u00e9 Tortoni<\/strong>, uno de los \u00edconos de la cultura porte\u00f1a, desde 1960 hasta 2007. All\u00ed atendi\u00f3 a artistas, poetas y presidentes, y form\u00f3 parte de una \u00e9poca en la que el caf\u00e9 era centro de tango, literatura y vida social. \u201cSiempre fui muy querido por los clientes; era un lugar de respeto y cercan\u00eda\u201d, recuerda.<\/p>\n\n\n\n<p>El Tortoni, ubicado en Avenida de Mayo 829, alberg\u00f3 orquestas de tango, recitales, exposiciones y actividades culturales que definieron una era. Alberto trabajaba con brigadas de mozos y fue testigo de la llegada de visitantes de todo el mundo, participando de un ambiente que mezclaba cultura, arte y turismo.<\/p>\n\n\n\n<p>Pese a su situaci\u00f3n actual, Alberto sigue activo y comprometido con la cultura: practica folclore en Avellaneda, recientemente se present\u00f3 en el <strong>Teatro Roma<\/strong> y tiene previsto actuar en el <strong>Mart\u00edn Fierro de Sarand\u00ed<\/strong>. \u201cMantenerse activo es clave para sentirse bien, tanto f\u00edsica como mentalmente\u201d, afirma.<\/p>\n\n\n\n<p>Su historia tambi\u00e9n evidencia la importancia de la solidaridad y la ayuda comunitaria. Gracias al <strong>Colectivo Solidario<\/strong>, recibe asistencia y compa\u00f1\u00eda en sus recorridos por la ciudad, compartiendo comidas y conversaciones con otros vecinos. Alberto es un ejemplo de c\u00f3mo la experiencia y la historia personal pueden iluminar a toda una comunidad.<\/p>\n\n\n\n<p>Cada lunes y martes, a partir de las 18 horas, se lo puede encontrar en <strong>Plaza Alsina<\/strong>, llevando su historia, su alegr\u00eda y su memoria cultural a quienes lo rodean. Su vida demuestra que el esp\u00edritu activo, la pasi\u00f3n por la cultura y la solidaridad no conocen l\u00edmites de edad ni de circunstancias.<\/p>\n\n\n\n<figure class=\"wp-block-embed is-type-video is-provider-youtube wp-block-embed-youtube wp-embed-aspect-16-9 wp-has-aspect-ratio\"><div class=\"wp-block-embed__wrapper\">\n<iframe loading=\"lazy\" title=\"Avellaneda: La historia de Alberto, el vecino que fu\u00e8 mozo en el &quot;Caf\u00e8 Tort\u00f2ni&quot;\" width=\"640\" height=\"360\" src=\"https:\/\/www.youtube.com\/embed\/9blqFpwdOd8?feature=oembed\" frameborder=\"0\" allow=\"accelerometer; autoplay; clipboard-write; encrypted-media; gyroscope; picture-in-picture; web-share\" referrerpolicy=\"strict-origin-when-cross-origin\" allowfullscreen><\/iframe>\n<\/div><\/figure>\n","protected":false},"excerpt":{"rendered":"<p>A sus 87 a\u00f1os, Alberto contin\u00faa mostrando vitalidad y entusiasmo pese a vivir en situaci\u00f3n de calle. Su historia refleja resiliencia, memoria cultural y el valor de la solidaridad comunitaria. Alberto trabaj\u00f3 durante 47 a\u00f1os en el Caf\u00e9 Tortoni, uno de los \u00edconos de la cultura porte\u00f1a, desde 1960 hasta 2007. All\u00ed atendi\u00f3 a artistas, [&hellip;]<\/p>\n","protected":false},"author":4,"featured_media":18614,"comment_status":"open","ping_status":"open","sticky":false,"template":"","format":"standard","meta":{"footnotes":""},"categories":[1,20],"tags":[],"_links":{"self":[{"href":"https:\/\/enlamira.info\/index.php\/wp-json\/wp\/v2\/posts\/18613"}],"collection":[{"href":"https:\/\/enlamira.info\/index.php\/wp-json\/wp\/v2\/posts"}],"about":[{"href":"https:\/\/enlamira.info\/index.php\/wp-json\/wp\/v2\/types\/post"}],"author":[{"embeddable":true,"href":"https:\/\/enlamira.info\/index.php\/wp-json\/wp\/v2\/users\/4"}],"replies":[{"embeddable":true,"href":"https:\/\/enlamira.info\/index.php\/wp-json\/wp\/v2\/comments?post=18613"}],"version-history":[{"count":1,"href":"https:\/\/enlamira.info\/index.php\/wp-json\/wp\/v2\/posts\/18613\/revisions"}],"predecessor-version":[{"id":18615,"href":"https:\/\/enlamira.info\/index.php\/wp-json\/wp\/v2\/posts\/18613\/revisions\/18615"}],"wp:featuredmedia":[{"embeddable":true,"href":"https:\/\/enlamira.info\/index.php\/wp-json\/wp\/v2\/media\/18614"}],"wp:attachment":[{"href":"https:\/\/enlamira.info\/index.php\/wp-json\/wp\/v2\/media?parent=18613"}],"wp:term":[{"taxonomy":"category","embeddable":true,"href":"https:\/\/enlamira.info\/index.php\/wp-json\/wp\/v2\/categories?post=18613"},{"taxonomy":"post_tag","embeddable":true,"href":"https:\/\/enlamira.info\/index.php\/wp-json\/wp\/v2\/tags?post=18613"}],"curies":[{"name":"wp","href":"https:\/\/api.w.org\/{rel}","templated":true}]}}