{"id":18598,"date":"2025-08-26T14:51:03","date_gmt":"2025-08-26T17:51:03","guid":{"rendered":"https:\/\/enlamira.info\/?p=18598"},"modified":"2025-08-26T14:52:39","modified_gmt":"2025-08-26T17:52:39","slug":"melisa-gorosito-y-nazarena-mesias-propuestas-y-desafios-para-avellaneda","status":"publish","type":"post","link":"https:\/\/enlamira.info\/index.php\/2025\/08\/26\/melisa-gorosito-y-nazarena-mesias-propuestas-y-desafios-para-avellaneda\/","title":{"rendered":"Melisa Gorosito y Nazarena Mes\u00edas: propuestas y desaf\u00edos para Avellaneda y la provincia"},"content":{"rendered":"\n<p>En el marco de la campa\u00f1a electoral, seguimos recorriendo los barrios de Avellaneda y conociendo a los candidatos y sus propuestas. Esta vez, dialogamos con <strong>Melisa Gorosito<\/strong>, candidata a concejal por <strong>Somos Buenos Aires<\/strong>, y con <strong>Nazarena Mes\u00edas<\/strong>, candidata a diputada provincial, quienes compartieron su visi\u00f3n sobre la situaci\u00f3n actual de la ciudad y los desaf\u00edos que enfrentan los vecinos.<\/p>\n\n\n\n<h2 class=\"wp-block-heading\">Melisa Gorosito: \u201cAvellaneda necesita una oposici\u00f3n que represente a los vecinos\u201d<\/h2>\n\n\n\n<p>Melisa Gorosito, vecina de <strong>Villa Dom\u00ednico<\/strong> y militante radical desde los 18 a\u00f1os, destac\u00f3 la importancia de su espacio pol\u00edtico: \u201c<strong>Somos Buenos Aires es una alianza de distintos partidos<\/strong>, como la Uni\u00f3n C\u00edvica Radical, NOCA y la Coalici\u00f3n C\u00edvica. Venimos a ofrecer una alternativa frente a un pasado y un presente que no dan respuestas a las necesidades de la comunidad\u201d.<\/p>\n\n\n\n<p>Consultada sobre la realidad de Avellaneda, Gorosito se\u00f1al\u00f3 que si bien las calles principales y plazas est\u00e1n cuidadas, <strong>la periferia enfrenta problemas graves de inseguridad y falta de mantenimiento<\/strong>: \u201cEl presupuesto municipal incluye un \u00edtem de seguridad, pero en la calle no se ve reflejado. Las c\u00e1maras no funcionan y los botones antip\u00e1nicos a veces no est\u00e1n operativos. La seguridad deber\u00eda ser una prioridad real\u201d.<\/p>\n\n\n\n<p>Respecto a la gesti\u00f3n de obras y servicios, la candidata cuestion\u00f3 los problemas recurrentes de inundaciones: \u201cAvellaneda tiene un historial de gesti\u00f3n que no prev\u00e9 ni resuelve necesidades b\u00e1sicas. La oposici\u00f3n debe caminar los barrios, escuchar y llevar soluciones, algo que hoy no se est\u00e1 haciendo\u201d.<\/p>\n\n\n\n<p>Gorosito concluy\u00f3: \u201cNuestro objetivo es ser una <strong>oposici\u00f3n activa y presente<\/strong>, conectada con los vecinos y con proyectos concretos que mejoren la vida en todos los barrios\u201d.<\/p>\n\n\n\n<h2 class=\"wp-block-heading\">Nazarena Mes\u00edas: seguridad y educaci\u00f3n como pilares del desarrollo<\/h2>\n\n\n\n<p>Por su parte, Nazarena Mes\u00edas destac\u00f3 que los problemas de Avellaneda y la provincia requieren un enfoque integral: \u201cLa inseguridad no se resuelve solo con polic\u00eda o tecnolog\u00eda; <strong>tambi\u00e9n depende de educaci\u00f3n y pol\u00edticas sociales<\/strong>. La pobreza y la falta de infraestructura educativa impactan directamente en la seguridad y el futuro de nuestros chicos\u201d.<\/p>\n\n\n\n<p>Me\u00edas subray\u00f3 la importancia de la participaci\u00f3n ciudadana y la transparencia: \u201cLa pol\u00edtica debe volver a escuchar a la sociedad. Los ciudadanos no pueden acostumbrarse a la resignaci\u00f3n frente a la inseguridad o la falta de servicios. Nuestra tarea es generar confianza y soluciones reales\u201d.<\/p>\n\n\n\n<p>En cuanto a propuestas concretas, Mes\u00edas explic\u00f3 que han presentado m\u00e1s de 20 proyectos sobre seguridad, incluyendo la creaci\u00f3n de una <strong>unidad de coordinaci\u00f3n del conurbano<\/strong>, convocatorias al Consejo de Seguridad Provincial y medidas para evitar que los presos cometan delitos desde las c\u00e1rceles mediante celulares.<\/p>\n\n\n\n<h2 class=\"wp-block-heading\">Una campa\u00f1a cercana a los vecinos<\/h2>\n\n\n\n<p>Ambas candidatas remarcaron la importancia de la cercan\u00eda con los vecinos durante la campa\u00f1a: recorridas por barrios, reuniones comunitarias y contacto directo con la ciudadan\u00eda. Gorosito y Mes\u00edas invitan a los vecinos de Avellaneda a <strong>participar activamente de las elecciones del 7 de septiembre<\/strong>, destacando que se trata de una elecci\u00f3n local con impacto directo en la vida cotidiana.<\/p>\n\n\n\n<p>\u201cEs momento de <strong>votar por convicci\u00f3n y no por resignaci\u00f3n<\/strong>, eligiendo alternativas que prioricen a los vecinos y recuperen el v\u00ednculo entre pol\u00edtica y sociedad\u201d, concluyeron.<\/p>\n\n\n\n<figure class=\"wp-block-embed is-type-video is-provider-youtube wp-block-embed-youtube\"><div class=\"wp-block-embed__wrapper\">\n<iframe loading=\"lazy\" title=\"Somos: Nazarena Mesias cand. a Dip. y Melisa Gorostio candidata a concejal Avellaneda\" width=\"640\" height=\"360\" src=\"https:\/\/www.youtube.com\/embed\/DJ5Odhw4irk?feature=oembed\" frameborder=\"0\" allow=\"accelerometer; autoplay; clipboard-write; encrypted-media; gyroscope; picture-in-picture; web-share\" referrerpolicy=\"strict-origin-when-cross-origin\" allowfullscreen><\/iframe>\n<\/div><\/figure>\n","protected":false},"excerpt":{"rendered":"<p>En el marco de la campa\u00f1a electoral, seguimos recorriendo los barrios de Avellaneda y conociendo a los candidatos y sus propuestas. Esta vez, dialogamos con Melisa Gorosito, candidata a concejal por Somos Buenos Aires, y con Nazarena Mes\u00edas, candidata a diputada provincial, quienes compartieron su visi\u00f3n sobre la situaci\u00f3n actual de la ciudad y los [&hellip;]<\/p>\n","protected":false},"author":4,"featured_media":18610,"comment_status":"open","ping_status":"open","sticky":false,"template":"","format":"standard","meta":{"footnotes":""},"categories":[1,20,5],"tags":[],"_links":{"self":[{"href":"https:\/\/enlamira.info\/index.php\/wp-json\/wp\/v2\/posts\/18598"}],"collection":[{"href":"https:\/\/enlamira.info\/index.php\/wp-json\/wp\/v2\/posts"}],"about":[{"href":"https:\/\/enlamira.info\/index.php\/wp-json\/wp\/v2\/types\/post"}],"author":[{"embeddable":true,"href":"https:\/\/enlamira.info\/index.php\/wp-json\/wp\/v2\/users\/4"}],"replies":[{"embeddable":true,"href":"https:\/\/enlamira.info\/index.php\/wp-json\/wp\/v2\/comments?post=18598"}],"version-history":[{"count":2,"href":"https:\/\/enlamira.info\/index.php\/wp-json\/wp\/v2\/posts\/18598\/revisions"}],"predecessor-version":[{"id":18612,"href":"https:\/\/enlamira.info\/index.php\/wp-json\/wp\/v2\/posts\/18598\/revisions\/18612"}],"wp:featuredmedia":[{"embeddable":true,"href":"https:\/\/enlamira.info\/index.php\/wp-json\/wp\/v2\/media\/18610"}],"wp:attachment":[{"href":"https:\/\/enlamira.info\/index.php\/wp-json\/wp\/v2\/media?parent=18598"}],"wp:term":[{"taxonomy":"category","embeddable":true,"href":"https:\/\/enlamira.info\/index.php\/wp-json\/wp\/v2\/categories?post=18598"},{"taxonomy":"post_tag","embeddable":true,"href":"https:\/\/enlamira.info\/index.php\/wp-json\/wp\/v2\/tags?post=18598"}],"curies":[{"name":"wp","href":"https:\/\/api.w.org\/{rel}","templated":true}]}}