{"id":18597,"date":"2025-08-26T14:35:43","date_gmt":"2025-08-26T17:35:43","guid":{"rendered":"https:\/\/enlamira.info\/?p=18597"},"modified":"2025-08-26T14:35:43","modified_gmt":"2025-08-26T17:35:43","slug":"berdun-y-giuliano-avellaneda-no-necesita-mas-cemento-necesita-mas-humanidad","status":"publish","type":"post","link":"https:\/\/enlamira.info\/index.php\/2025\/08\/26\/berdun-y-giuliano-avellaneda-no-necesita-mas-cemento-necesita-mas-humanidad\/","title":{"rendered":"Berd\u00fan y Giuliano: \u201cAvellaneda no necesita m\u00e1s cemento, necesita mas humanidad\u2019\u201d"},"content":{"rendered":"\n<p>En el marco del programa <em>La Voz del Vecino<\/em>, conducido por <strong>Marcelo Brunwald<\/strong>, los candidatos a concejales <strong>Adri\u00e1n Berd\u00fan<\/strong> y <strong>Lorena Giuliano<\/strong>, referentes del espacio que lidera el <strong>Dr. Dalessandro<\/strong>, expusieron sus principales propuestas para Avellaneda y remarcaron la necesidad de atender problem\u00e1ticas sociales que hoy se encuentran relegadas.<\/p>\n\n\n\n<figure class=\"wp-block-image size-large\"><img loading=\"lazy\" decoding=\"async\" width=\"1024\" height=\"854\" src=\"https:\/\/enlamira.info\/wp-content\/uploads\/2025\/08\/a37bf2cb-3783-4be7-9856-fc386afcbbe8-1024x854.jpg\" alt=\"\" class=\"wp-image-18605\" srcset=\"https:\/\/enlamira.info\/wp-content\/uploads\/2025\/08\/a37bf2cb-3783-4be7-9856-fc386afcbbe8-1024x854.jpg 1024w, https:\/\/enlamira.info\/wp-content\/uploads\/2025\/08\/a37bf2cb-3783-4be7-9856-fc386afcbbe8-300x250.jpg 300w, https:\/\/enlamira.info\/wp-content\/uploads\/2025\/08\/a37bf2cb-3783-4be7-9856-fc386afcbbe8-768x641.jpg 768w, https:\/\/enlamira.info\/wp-content\/uploads\/2025\/08\/a37bf2cb-3783-4be7-9856-fc386afcbbe8-1536x1282.jpg 1536w, https:\/\/enlamira.info\/wp-content\/uploads\/2025\/08\/a37bf2cb-3783-4be7-9856-fc386afcbbe8.jpg 1600w\" sizes=\"(max-width: 1024px) 100vw, 1024px\" \/><\/figure>\n\n\n\n<p>Uno de los primeros puntos se\u00f1alados fue la <strong>desinformaci\u00f3n de los vecinos respecto al rol de los concejales<\/strong>. Berd\u00fan lo explic\u00f3 con claridad: <em>\u201cEl concejal debe ser la voz del vecino en el Concejo Deliberante, m\u00e1s all\u00e1 de cualquier partido pol\u00edtico. Nuestra funci\u00f3n es llevar al recinto lo que pasa en cada barrio y dar respuestas concretas\u201d<\/em>.<\/p>\n\n\n\n<figure class=\"wp-block-image size-large\"><img loading=\"lazy\" decoding=\"async\" width=\"1024\" height=\"768\" src=\"https:\/\/enlamira.info\/wp-content\/uploads\/2025\/08\/28a06aca-ea87-4433-b3c5-69c68dc7ebe8-1024x768.jpg\" alt=\"\" class=\"wp-image-18606\" srcset=\"https:\/\/enlamira.info\/wp-content\/uploads\/2025\/08\/28a06aca-ea87-4433-b3c5-69c68dc7ebe8-1024x768.jpg 1024w, https:\/\/enlamira.info\/wp-content\/uploads\/2025\/08\/28a06aca-ea87-4433-b3c5-69c68dc7ebe8-300x225.jpg 300w, https:\/\/enlamira.info\/wp-content\/uploads\/2025\/08\/28a06aca-ea87-4433-b3c5-69c68dc7ebe8-768x576.jpg 768w, https:\/\/enlamira.info\/wp-content\/uploads\/2025\/08\/28a06aca-ea87-4433-b3c5-69c68dc7ebe8.jpg 1280w\" sizes=\"(max-width: 1024px) 100vw, 1024px\" \/><\/figure>\n\n\n\n<p>El dirigente agreg\u00f3 que en Avellaneda existe una <strong>brecha creciente entre los vecinos y el Estado municipal<\/strong>, lo que genera malestar y descreimiento: <em>\u201cHoy la gente siente que no es escuchada, que solo se priorizan las grandes obras de cemento y se deja de lado la vida cotidiana de los barrios. Nosotros queremos que el Estado est\u00e9 cerca, que vuelva a tener humanidad\u201d<\/em>.<\/p>\n\n\n\n<p>Entre los ejes de gesti\u00f3n planteados, Berd\u00fan destac\u00f3:<\/p>\n\n\n\n<ul>\n<li>Avanzar hacia una <strong>Avellaneda m\u00e1s verde y ecol\u00f3gica<\/strong>, con mayor preservaci\u00f3n de los espacios p\u00fablicos.<\/li>\n\n\n\n<li>Impulsar la <strong>descentralizaci\u00f3n municipal<\/strong>, creando delegaciones barriales que acerquen tr\u00e1mites y soluciones a cada zona.<\/li>\n\n\n\n<li>Implementar programas de <strong>educaci\u00f3n vial y seguridad ciudadana<\/strong> que incluyan a escuelas y clubes de barrio.<\/li>\n\n\n\n<li>Fortalecer al <strong>comercio local y la producci\u00f3n artesanal<\/strong> como motor de empleo y desarrollo econ\u00f3mico.<\/li>\n\n\n\n<li>Establecer <strong>mesas de participaci\u00f3n vecinal<\/strong> para que las decisiones de gobierno se construyan de manera conjunta.<\/li>\n<\/ul>\n\n\n\n<p>En tanto, Giuliano hizo hincapi\u00e9 en un tema urgente: la falta de un espacio municipal destinado a la <strong>atenci\u00f3n de personas en situaci\u00f3n de calle<\/strong>. \u201cAvellaneda no cuenta con un lugar que brinde contenci\u00f3n integral: comida, ducha, una cama, atenci\u00f3n m\u00e9dica y acompa\u00f1amiento para la reinserci\u00f3n laboral. Es urgente crear este espacio\u201d, sostuvo.<\/p>\n\n\n\n<p>Este reclamo se conecta con la editorial de Brunwald, quien record\u00f3 que se trata de <strong>m\u00e1s de 600 vecinos que hoy duermen en las calles de Avellaneda<\/strong>. El periodista subray\u00f3: <em>\u201cEsto debe ser una cuesti\u00f3n de Estado, no un posicionamiento partidario. Necesitamos dirigentes que piensen menos en cemento y m\u00e1s en lo humano\u201d<\/em>.<\/p>\n\n\n\n<p>La propuesta de Berd\u00fan y Giuliano abre una discusi\u00f3n de fondo sobre el futuro de la ciudad: \u00bfc\u00f3mo lograr que Avellaneda combine desarrollo urbano con inclusi\u00f3n social? La respuesta, seg\u00fan remarcaron, est\u00e1 en <strong>escuchar a los vecinos y poner lo humano en el centro de la gesti\u00f3n p\u00fablica<\/strong>.<\/p>\n\n\n\n<figure class=\"wp-block-embed is-type-video is-provider-youtube wp-block-embed-youtube wp-embed-aspect-16-9 wp-has-aspect-ratio\"><div class=\"wp-block-embed__wrapper\">\n<iframe loading=\"lazy\" title=\"Nuevos Ayres: Adrian Berdun y Lorena Giuliano candidato a concejales de Avellaneda\" width=\"640\" height=\"360\" src=\"https:\/\/www.youtube.com\/embed\/eu3_61PrD6A?feature=oembed\" frameborder=\"0\" allow=\"accelerometer; autoplay; clipboard-write; encrypted-media; gyroscope; picture-in-picture; web-share\" referrerpolicy=\"strict-origin-when-cross-origin\" allowfullscreen><\/iframe>\n<\/div><\/figure>\n","protected":false},"excerpt":{"rendered":"<p>En el marco del programa La Voz del Vecino, conducido por Marcelo Brunwald, los candidatos a concejales Adri\u00e1n Berd\u00fan y Lorena Giuliano, referentes del espacio que lidera el Dr. Dalessandro, expusieron sus principales propuestas para Avellaneda y remarcaron la necesidad de atender problem\u00e1ticas sociales que hoy se encuentran relegadas. Uno de los primeros puntos se\u00f1alados [&hellip;]<\/p>\n","protected":false},"author":4,"featured_media":18608,"comment_status":"open","ping_status":"open","sticky":false,"template":"","format":"standard","meta":{"footnotes":""},"categories":[1,20],"tags":[],"_links":{"self":[{"href":"https:\/\/enlamira.info\/index.php\/wp-json\/wp\/v2\/posts\/18597"}],"collection":[{"href":"https:\/\/enlamira.info\/index.php\/wp-json\/wp\/v2\/posts"}],"about":[{"href":"https:\/\/enlamira.info\/index.php\/wp-json\/wp\/v2\/types\/post"}],"author":[{"embeddable":true,"href":"https:\/\/enlamira.info\/index.php\/wp-json\/wp\/v2\/users\/4"}],"replies":[{"embeddable":true,"href":"https:\/\/enlamira.info\/index.php\/wp-json\/wp\/v2\/comments?post=18597"}],"version-history":[{"count":1,"href":"https:\/\/enlamira.info\/index.php\/wp-json\/wp\/v2\/posts\/18597\/revisions"}],"predecessor-version":[{"id":18609,"href":"https:\/\/enlamira.info\/index.php\/wp-json\/wp\/v2\/posts\/18597\/revisions\/18609"}],"wp:featuredmedia":[{"embeddable":true,"href":"https:\/\/enlamira.info\/index.php\/wp-json\/wp\/v2\/media\/18608"}],"wp:attachment":[{"href":"https:\/\/enlamira.info\/index.php\/wp-json\/wp\/v2\/media?parent=18597"}],"wp:term":[{"taxonomy":"category","embeddable":true,"href":"https:\/\/enlamira.info\/index.php\/wp-json\/wp\/v2\/categories?post=18597"},{"taxonomy":"post_tag","embeddable":true,"href":"https:\/\/enlamira.info\/index.php\/wp-json\/wp\/v2\/tags?post=18597"}],"curies":[{"name":"wp","href":"https:\/\/api.w.org\/{rel}","templated":true}]}}