{"id":18596,"date":"2025-08-26T14:20:58","date_gmt":"2025-08-26T17:20:58","guid":{"rendered":"https:\/\/enlamira.info\/?p=18596"},"modified":"2025-08-26T14:25:19","modified_gmt":"2025-08-26T17:25:19","slug":"avellaneda-el-colectivo-solidario-sigue-acompanando-a-vecinos-en-situacion-de-calle","status":"publish","type":"post","link":"https:\/\/enlamira.info\/index.php\/2025\/08\/26\/avellaneda-el-colectivo-solidario-sigue-acompanando-a-vecinos-en-situacion-de-calle\/","title":{"rendered":"Avellaneda: el Colectivo Solidario sigue acompa\u00f1ando a vecinos en situaci\u00f3n de calle"},"content":{"rendered":"\n<p>En Avellaneda, la solidaridad se convierte en acci\u00f3n concreta gracias al trabajo del <strong>Colectivo Solidario<\/strong>, un grupo de vecinos y vecinas que, sin banderas pol\u00edticas ni religiosas, dedican su tiempo, recursos y esfuerzo a acompa\u00f1ar a quienes m\u00e1s lo necesitan.<\/p>\n\n\n\n<figure class=\"wp-block-image size-large\"><img loading=\"lazy\" decoding=\"async\" width=\"1024\" height=\"768\" src=\"https:\/\/enlamira.info\/wp-content\/uploads\/2025\/08\/0b2c9f56-5395-455d-a560-c60958e00b7e-1024x768.jpg\" alt=\"\" class=\"wp-image-18599\" srcset=\"https:\/\/enlamira.info\/wp-content\/uploads\/2025\/08\/0b2c9f56-5395-455d-a560-c60958e00b7e-1024x768.jpg 1024w, https:\/\/enlamira.info\/wp-content\/uploads\/2025\/08\/0b2c9f56-5395-455d-a560-c60958e00b7e-300x225.jpg 300w, https:\/\/enlamira.info\/wp-content\/uploads\/2025\/08\/0b2c9f56-5395-455d-a560-c60958e00b7e-768x576.jpg 768w, https:\/\/enlamira.info\/wp-content\/uploads\/2025\/08\/0b2c9f56-5395-455d-a560-c60958e00b7e.jpg 1280w\" sizes=\"(max-width: 1024px) 100vw, 1024px\" \/><\/figure>\n\n\n\n<p>El equipo, coordinado por <strong>Gerardo \u00c1lvarez<\/strong> junto a voluntarios y voluntarias de todas las edades, recorre las calles de la ciudad para acercar alimentos, abrigo y contenci\u00f3n a personas en situaci\u00f3n de calle. La tarea es autogestionada: cada integrante pone su auto, su combustible y hasta parte de su propio presupuesto para sostener la ayuda.<\/p>\n\n\n\n<p>El punto de encuentro habitual es cada <strong>lunes a las 19 hs en la pizzer\u00eda \u201cLos Tres Ases\u201d<\/strong>, desde donde parten en dos grupos: uno recorre Avellaneda centro y los cajeros autom\u00e1ticos donde suelen refugiarse quienes no tienen techo, mientras que el otro se concentra en <strong>Plaza Alsina<\/strong>, donde se forma una fila para recibir un plato caliente.<\/p>\n\n\n\n<p>En la \u00faltima recorrida se sirvi\u00f3 un guiso de lentejas preparado por el equipo de cocineras del colectivo. \u201cLa comida no solo llena la panza, tambi\u00e9n reconforta el alma\u201d, se\u00f1alan los voluntarios. En esta ocasi\u00f3n se contabilizaron alrededor de <strong>600 personas asistidas<\/strong>, una cifra que refleja la magnitud del problema en el distrito.<\/p>\n\n\n\n<p>M\u00e1s all\u00e1 de la asistencia inmediata, los integrantes del colectivo remarcan la necesidad de que Avellaneda cuente con un <strong>centro municipal para personas en situaci\u00f3n de calle<\/strong>, un espacio donde puedan ba\u00f1arse, alimentarse, recibir atenci\u00f3n m\u00e9dica y, sobre todo, oportunidades de reinserci\u00f3n laboral y social.<\/p>\n\n\n\n<p>El pedido es concreto: <strong>faltan donaciones de carne y pollo<\/strong> para poder sostener la ayuda. Fideos, arroz y harina suelen llegar gracias a distintos aportes, pero la prote\u00edna es fundamental para equilibrar los platos.<\/p>\n\n\n\n<p>\u201cTodos tenemos problemas, pero siempre hay alguien que la pasa peor. La indiferencia duele tanto como el hambre. Un saludo, una charla, un gesto de reconocimiento puede cambiarle el d\u00eda a alguien que se siente invisible\u201d, remarcan desde el grupo.<\/p>\n\n\n\n<figure class=\"wp-block-image size-large\"><img loading=\"lazy\" decoding=\"async\" width=\"1024\" height=\"768\" src=\"https:\/\/enlamira.info\/wp-content\/uploads\/2025\/08\/5b18d153-944d-4e07-90fe-ff79ffde702c-1024x768.jpg\" alt=\"\" class=\"wp-image-18600\" srcset=\"https:\/\/enlamira.info\/wp-content\/uploads\/2025\/08\/5b18d153-944d-4e07-90fe-ff79ffde702c-1024x768.jpg 1024w, https:\/\/enlamira.info\/wp-content\/uploads\/2025\/08\/5b18d153-944d-4e07-90fe-ff79ffde702c-300x225.jpg 300w, https:\/\/enlamira.info\/wp-content\/uploads\/2025\/08\/5b18d153-944d-4e07-90fe-ff79ffde702c-768x576.jpg 768w, https:\/\/enlamira.info\/wp-content\/uploads\/2025\/08\/5b18d153-944d-4e07-90fe-ff79ffde702c.jpg 1280w\" sizes=\"(max-width: 1024px) 100vw, 1024px\" \/><\/figure>\n\n\n\n<p>Quienes deseen colaborar pueden comunicarse con el <strong>Colectivo Solidario a trav\u00e9s de Instagram<\/strong>, donar alimentos o acercarse los lunes para acompa\u00f1ar la tarea y conocer de cerca c\u00f3mo se organiza esta red de vecinos que no mira para otro lado.<\/p>\n\n\n\n<h1 class=\"wp-block-heading\">Marcelo Brunwald acompa\u00f1\u00f3 al Colectivo Solidario y reclam\u00f3 un espacio municipal para vecinos en situaci\u00f3n de calle<\/h1>\n\n\n\n<p>En su editorial, el periodista <strong>Marcelo Brunwald<\/strong> relat\u00f3 una nueva recorrida por las calles de Avellaneda junto al <strong>Colectivo Solidario<\/strong>, un grupo de vecinos y vecinas que sin fines pol\u00edticos ni religiosos asiste a personas en situaci\u00f3n de calle con alimentos, abrigo y compa\u00f1\u00eda.<\/p>\n\n\n\n<p>Durante la actividad, en la que se distribuyeron raciones de comida caliente a m\u00e1s de <strong>600 personas<\/strong>, Brunwald destac\u00f3 el trabajo desinteresado del equipo coordinado por <strong>Gerardo \u00c1lvarez<\/strong>, que cada lunes organiza salidas desde la pizzer\u00eda <em>Los Tres Ases<\/em> para llegar a quienes m\u00e1s lo necesitan.<\/p>\n\n\n\n<figure class=\"wp-block-image size-large\"><img loading=\"lazy\" decoding=\"async\" width=\"1024\" height=\"768\" src=\"https:\/\/enlamira.info\/wp-content\/uploads\/2025\/08\/25ff2cbe-5d3f-48be-a60a-8c2c1ce363c0-1024x768.jpg\" alt=\"\" class=\"wp-image-18601\" srcset=\"https:\/\/enlamira.info\/wp-content\/uploads\/2025\/08\/25ff2cbe-5d3f-48be-a60a-8c2c1ce363c0-1024x768.jpg 1024w, https:\/\/enlamira.info\/wp-content\/uploads\/2025\/08\/25ff2cbe-5d3f-48be-a60a-8c2c1ce363c0-300x225.jpg 300w, https:\/\/enlamira.info\/wp-content\/uploads\/2025\/08\/25ff2cbe-5d3f-48be-a60a-8c2c1ce363c0-768x576.jpg 768w, https:\/\/enlamira.info\/wp-content\/uploads\/2025\/08\/25ff2cbe-5d3f-48be-a60a-8c2c1ce363c0.jpg 1280w\" sizes=\"(max-width: 1024px) 100vw, 1024px\" \/><\/figure>\n\n\n\n<p>M\u00e1s all\u00e1 del reconocimiento a la tarea comunitaria, Brunwald puso el acento en la necesidad de una <strong>pol\u00edtica p\u00fablica sostenida<\/strong>:<\/p>\n\n\n\n<blockquote class=\"wp-block-quote\">\n<p>\u201cAvellaneda necesita un lugar municipal para la atenci\u00f3n de vecinos en situaci\u00f3n de calle. Un espacio que brinde comida, abrigo, duchas, atenci\u00f3n m\u00e9dica y, sobre todo, posibilidades de reinserci\u00f3n. Esto debe ser una cuesti\u00f3n de Estado, m\u00e1s all\u00e1 del posicionamiento partidario\u201d.<\/p>\n<\/blockquote>\n\n\n\n<figure class=\"wp-block-image size-large\"><img loading=\"lazy\" decoding=\"async\" width=\"1024\" height=\"768\" src=\"https:\/\/enlamira.info\/wp-content\/uploads\/2025\/08\/8fe55612-60b3-458f-aa68-7e20b1e47aae-1024x768.jpg\" alt=\"\" class=\"wp-image-18602\" srcset=\"https:\/\/enlamira.info\/wp-content\/uploads\/2025\/08\/8fe55612-60b3-458f-aa68-7e20b1e47aae-1024x768.jpg 1024w, https:\/\/enlamira.info\/wp-content\/uploads\/2025\/08\/8fe55612-60b3-458f-aa68-7e20b1e47aae-300x225.jpg 300w, https:\/\/enlamira.info\/wp-content\/uploads\/2025\/08\/8fe55612-60b3-458f-aa68-7e20b1e47aae-768x576.jpg 768w, https:\/\/enlamira.info\/wp-content\/uploads\/2025\/08\/8fe55612-60b3-458f-aa68-7e20b1e47aae-1536x1152.jpg 1536w, https:\/\/enlamira.info\/wp-content\/uploads\/2025\/08\/8fe55612-60b3-458f-aa68-7e20b1e47aae.jpg 1600w\" sizes=\"(max-width: 1024px) 100vw, 1024px\" \/><\/figure>\n\n\n\n<p>El periodista remarc\u00f3 que la solidaridad de los vecinos no alcanza si no existe un compromiso real de las autoridades locales:<\/p>\n\n\n\n<blockquote class=\"wp-block-quote\">\n<p>\u201cHace falta menos cemento y m\u00e1s humano. Las obras son importantes, pero lo m\u00e1s urgente es atender el sufrimiento de quienes hoy duermen en las veredas de nuestra ciudad\u201d.<\/p>\n<\/blockquote>\n\n\n\n<p>El Colectivo Solidario, que se financia de manera autogestionada, reiter\u00f3 que la principal necesidad actual es la <strong>donaci\u00f3n de carne y pollo<\/strong> para poder sostener la asistencia alimentaria, ya que la mayor\u00eda de los aportes recibidos son fideos, arroz o harina.<\/p>\n\n\n\n<p>Brunwald cerr\u00f3 su editorial con un llamado a todos los sectores pol\u00edticos y sociales: \u201cEl hambre y la exclusi\u00f3n no distinguen colores partidarios. Se trata de estar al lado de nuestros vecinos, de tender una mano y de que el Estado asuma la responsabilidad de garantizar un espacio digno para quienes hoy no tienen techo\u201d.<\/p>\n\n\n\n<figure class=\"wp-block-embed is-type-video is-provider-youtube wp-block-embed-youtube wp-embed-aspect-16-9 wp-has-aspect-ratio\"><div class=\"wp-block-embed__wrapper\">\n<iframe loading=\"lazy\" title=\"COLECTIVO SOLIDARIO: En Avellaneda\" width=\"640\" height=\"360\" src=\"https:\/\/www.youtube.com\/embed\/rM6_G9_0pxI?feature=oembed\" frameborder=\"0\" allow=\"accelerometer; autoplay; clipboard-write; encrypted-media; gyroscope; picture-in-picture; web-share\" referrerpolicy=\"strict-origin-when-cross-origin\" allowfullscreen><\/iframe>\n<\/div><\/figure>\n","protected":false},"excerpt":{"rendered":"<p>En Avellaneda, la solidaridad se convierte en acci\u00f3n concreta gracias al trabajo del Colectivo Solidario, un grupo de vecinos y vecinas que, sin banderas pol\u00edticas ni religiosas, dedican su tiempo, recursos y esfuerzo a acompa\u00f1ar a quienes m\u00e1s lo necesitan. El equipo, coordinado por Gerardo \u00c1lvarez junto a voluntarios y voluntarias de todas las edades, [&hellip;]<\/p>\n","protected":false},"author":4,"featured_media":18599,"comment_status":"open","ping_status":"open","sticky":false,"template":"","format":"standard","meta":{"footnotes":""},"categories":[1,34],"tags":[],"_links":{"self":[{"href":"https:\/\/enlamira.info\/index.php\/wp-json\/wp\/v2\/posts\/18596"}],"collection":[{"href":"https:\/\/enlamira.info\/index.php\/wp-json\/wp\/v2\/posts"}],"about":[{"href":"https:\/\/enlamira.info\/index.php\/wp-json\/wp\/v2\/types\/post"}],"author":[{"embeddable":true,"href":"https:\/\/enlamira.info\/index.php\/wp-json\/wp\/v2\/users\/4"}],"replies":[{"embeddable":true,"href":"https:\/\/enlamira.info\/index.php\/wp-json\/wp\/v2\/comments?post=18596"}],"version-history":[{"count":2,"href":"https:\/\/enlamira.info\/index.php\/wp-json\/wp\/v2\/posts\/18596\/revisions"}],"predecessor-version":[{"id":18604,"href":"https:\/\/enlamira.info\/index.php\/wp-json\/wp\/v2\/posts\/18596\/revisions\/18604"}],"wp:featuredmedia":[{"embeddable":true,"href":"https:\/\/enlamira.info\/index.php\/wp-json\/wp\/v2\/media\/18599"}],"wp:attachment":[{"href":"https:\/\/enlamira.info\/index.php\/wp-json\/wp\/v2\/media?parent=18596"}],"wp:term":[{"taxonomy":"category","embeddable":true,"href":"https:\/\/enlamira.info\/index.php\/wp-json\/wp\/v2\/categories?post=18596"},{"taxonomy":"post_tag","embeddable":true,"href":"https:\/\/enlamira.info\/index.php\/wp-json\/wp\/v2\/tags?post=18596"}],"curies":[{"name":"wp","href":"https:\/\/api.w.org\/{rel}","templated":true}]}}