{"id":18593,"date":"2025-08-26T13:51:17","date_gmt":"2025-08-26T16:51:17","guid":{"rendered":"https:\/\/enlamira.info\/?p=18593"},"modified":"2025-08-26T13:51:17","modified_gmt":"2025-08-26T16:51:17","slug":"peligro-en-avellaneda-un-enorme-bache-se-abrio-en-plena-avenida","status":"publish","type":"post","link":"https:\/\/enlamira.info\/index.php\/2025\/08\/26\/peligro-en-avellaneda-un-enorme-bache-se-abrio-en-plena-avenida\/","title":{"rendered":"Peligro en Avellaneda: un enorme bache se abri\u00f3 en plena avenida"},"content":{"rendered":"\n<p>En Belgrano y Alsina de Avellaneda, el pavimento cedi\u00f3 y se abri\u00f3 un enorme bache. Si bien est\u00e1 se\u00f1alizado, es un verdadero peligro.<\/p>\n\n\n\n<p>En las \u00faltimas horas,&nbsp;<strong>un enorme bache se abri\u00f3 en una avenida c\u00e9ntrica de Avellaneda<\/strong>&nbsp;y se convierte en un verdadero peligro.<\/p>\n\n\n\n<p>Si bien est\u00e1 se\u00f1alizado, el cr\u00e1ter es un verdadero&nbsp;<strong>peligro para los autos, camiones y colectivos que circulan por la zona.<\/strong><\/p>\n\n\n\n<p>La zona afectada es la de&nbsp;<strong>Belgrano y Alsina<\/strong>, en pleno centro de Avellaneda. Vecinos advierten que ya lo hab\u00edan arreglado pero volvi\u00f3 a aparecer.<\/p>\n","protected":false},"excerpt":{"rendered":"<p>En Belgrano y Alsina de Avellaneda, el pavimento cedi\u00f3 y se abri\u00f3 un enorme bache. Si bien est\u00e1 se\u00f1alizado, es un verdadero peligro. En las \u00faltimas horas,&nbsp;un enorme bache se abri\u00f3 en una avenida c\u00e9ntrica de Avellaneda&nbsp;y se convierte en un verdadero peligro. Si bien est\u00e1 se\u00f1alizado, el cr\u00e1ter es un verdadero&nbsp;peligro para los autos, [&hellip;]<\/p>\n","protected":false},"author":4,"featured_media":18594,"comment_status":"open","ping_status":"open","sticky":false,"template":"","format":"standard","meta":{"footnotes":""},"categories":[1,34],"tags":[],"_links":{"self":[{"href":"https:\/\/enlamira.info\/index.php\/wp-json\/wp\/v2\/posts\/18593"}],"collection":[{"href":"https:\/\/enlamira.info\/index.php\/wp-json\/wp\/v2\/posts"}],"about":[{"href":"https:\/\/enlamira.info\/index.php\/wp-json\/wp\/v2\/types\/post"}],"author":[{"embeddable":true,"href":"https:\/\/enlamira.info\/index.php\/wp-json\/wp\/v2\/users\/4"}],"replies":[{"embeddable":true,"href":"https:\/\/enlamira.info\/index.php\/wp-json\/wp\/v2\/comments?post=18593"}],"version-history":[{"count":1,"href":"https:\/\/enlamira.info\/index.php\/wp-json\/wp\/v2\/posts\/18593\/revisions"}],"predecessor-version":[{"id":18595,"href":"https:\/\/enlamira.info\/index.php\/wp-json\/wp\/v2\/posts\/18593\/revisions\/18595"}],"wp:featuredmedia":[{"embeddable":true,"href":"https:\/\/enlamira.info\/index.php\/wp-json\/wp\/v2\/media\/18594"}],"wp:attachment":[{"href":"https:\/\/enlamira.info\/index.php\/wp-json\/wp\/v2\/media?parent=18593"}],"wp:term":[{"taxonomy":"category","embeddable":true,"href":"https:\/\/enlamira.info\/index.php\/wp-json\/wp\/v2\/categories?post=18593"},{"taxonomy":"post_tag","embeddable":true,"href":"https:\/\/enlamira.info\/index.php\/wp-json\/wp\/v2\/tags?post=18593"}],"curies":[{"name":"wp","href":"https:\/\/api.w.org\/{rel}","templated":true}]}}