{"id":18590,"date":"2025-08-26T12:07:13","date_gmt":"2025-08-26T15:07:13","guid":{"rendered":"https:\/\/enlamira.info\/?p=18590"},"modified":"2025-08-26T12:07:13","modified_gmt":"2025-08-26T15:07:13","slug":"juan-bernasconi-junto-a-los-vecinos-vamos-a-recuperar-la-seguridad-y-el-trabajo-en-quilmes","status":"publish","type":"post","link":"https:\/\/enlamira.info\/index.php\/2025\/08\/26\/juan-bernasconi-junto-a-los-vecinos-vamos-a-recuperar-la-seguridad-y-el-trabajo-en-quilmes\/","title":{"rendered":"JUAN BERNASCONI: \u201cJUNTO A LOS VECINOS VAMOS A RECUPERAR LA SEGURIDAD Y EL TRABAJO EN QUILMES\u201d"},"content":{"rendered":"\n<p>El candidato a concejal de Quilmes por el partido Nuevos Aires, Juan Bernasconi, present\u00f3 sus propuestas para transformar el distrito y realiz\u00f3 un pedido directo a los vecinos: \u201cQuiero llegar al Concejo Deliberante para que Quilmes vuelva a brillar. El pr\u00f3ximo 7 de septiembre, les pido que me acompa\u00f1en con su voto para que juntos construyamos una ciudad m\u00e1s segura, con trabajo y con futuro\u201d.<\/p>\n\n\n\n<p>Bernasconi advirti\u00f3 que la inseguridad \u201ces hoy la principal preocupaci\u00f3n de los quilme\u00f1os\u201d y remarc\u00f3 que la Patrulla Urbana, a pesar de la vocaci\u00f3n de sus agentes, no cuenta con las herramientas necesarias para proteger a los vecinos: \u201cVamos a darle a nuestra Patrulla Urbana equipamiento moderno, como armas no letales tipo Taser, autorizadas por la legislaci\u00f3n nacional y provincial. Con capacitaci\u00f3n, control y protocolos claros, los agentes podr\u00e1n intervenir de verdad para cuidar a cada quilme\u00f1o. Basta de una fuerza que s\u00f3lo mira: queremos una fuerza que act\u00fae y resuelva\u201d, afirm\u00f3. En sus propuestas, Bernasconi tambi\u00e9n puso el foco en el desarrollo econ\u00f3mico y la generaci\u00f3n de empleo local: \u201cQuilmes perdi\u00f3 vitalidad y proyecci\u00f3n. Desde Nuevos Aires, proponemos un plan integral de desarrollo de La Ribera y la zona estrat\u00e9gica de la autopista Buenos Aires-La Plata\u201d, asegur\u00f3. La propuesta contempla beneficios fiscales para PyMEs y emprendedores; la creaci\u00f3n de un Fondo Municipal para Emprendimientos Innovadores; articulaci\u00f3n con universidades y la creaci\u00f3n de parques industriales y tecnol\u00f3gicos. \u201cQueremos un Quilmes innovador, din\u00e1mico, que genere trabajo de calidad y que brinde oportunidades a cada vecino. No m\u00e1s j\u00f3venes que se van porque no encuentran futuro ac\u00e1: vamos a poner de pie a Quilmes\u201d, enfatiz\u00f3. Bernasconi tambi\u00e9n ratific\u00f3 su compromiso con la autonom\u00eda de San Francisco Solano: \u201cEs hora de que sea municipio, con su propio intendente, Concejo Deliberante y presupuesto. Vamos a trabajar para que los recursos que se generan en Solano se inviertan en Solano\u201d, afirm\u00f3.<\/p>\n\n\n\n<p>Con firmeza, Bernasconi cerr\u00f3 su mensaje a los vecinos: \u201cS\u00e9 que Quilmes puede estar mejor. Con decisi\u00f3n pol\u00edtica y con el apoyo de cada vecino, vamos a recuperar la seguridad, vamos a generar trabajo y vamos a hacer que nuestros barrios vuelvan a brillar. El 7 de septiembre les pido que me acompa\u00f1en con su voto. Juntos vamos a escribir una nueva historia para Quilmes\u201d.<\/p>\n","protected":false},"excerpt":{"rendered":"<p>El candidato a concejal de Quilmes por el partido Nuevos Aires, Juan Bernasconi, present\u00f3 sus propuestas para transformar el distrito y realiz\u00f3 un pedido directo a los vecinos: \u201cQuiero llegar al Concejo Deliberante para que Quilmes vuelva a brillar. El pr\u00f3ximo 7 de septiembre, les pido que me acompa\u00f1en con su voto para que juntos [&hellip;]<\/p>\n","protected":false},"author":4,"featured_media":18591,"comment_status":"open","ping_status":"open","sticky":false,"template":"","format":"standard","meta":{"footnotes":""},"categories":[1,20,5],"tags":[],"_links":{"self":[{"href":"https:\/\/enlamira.info\/index.php\/wp-json\/wp\/v2\/posts\/18590"}],"collection":[{"href":"https:\/\/enlamira.info\/index.php\/wp-json\/wp\/v2\/posts"}],"about":[{"href":"https:\/\/enlamira.info\/index.php\/wp-json\/wp\/v2\/types\/post"}],"author":[{"embeddable":true,"href":"https:\/\/enlamira.info\/index.php\/wp-json\/wp\/v2\/users\/4"}],"replies":[{"embeddable":true,"href":"https:\/\/enlamira.info\/index.php\/wp-json\/wp\/v2\/comments?post=18590"}],"version-history":[{"count":1,"href":"https:\/\/enlamira.info\/index.php\/wp-json\/wp\/v2\/posts\/18590\/revisions"}],"predecessor-version":[{"id":18592,"href":"https:\/\/enlamira.info\/index.php\/wp-json\/wp\/v2\/posts\/18590\/revisions\/18592"}],"wp:featuredmedia":[{"embeddable":true,"href":"https:\/\/enlamira.info\/index.php\/wp-json\/wp\/v2\/media\/18591"}],"wp:attachment":[{"href":"https:\/\/enlamira.info\/index.php\/wp-json\/wp\/v2\/media?parent=18590"}],"wp:term":[{"taxonomy":"category","embeddable":true,"href":"https:\/\/enlamira.info\/index.php\/wp-json\/wp\/v2\/categories?post=18590"},{"taxonomy":"post_tag","embeddable":true,"href":"https:\/\/enlamira.info\/index.php\/wp-json\/wp\/v2\/tags?post=18590"}],"curies":[{"name":"wp","href":"https:\/\/api.w.org\/{rel}","templated":true}]}}