{"id":18584,"date":"2025-08-25T00:02:00","date_gmt":"2025-08-25T03:02:00","guid":{"rendered":"https:\/\/enlamira.info\/?p=18584"},"modified":"2025-08-24T23:52:30","modified_gmt":"2025-08-25T02:52:30","slug":"karina-milei-reaparecio-en-publico-tras-el-escandalo-por-presuntas-coimas","status":"publish","type":"post","link":"https:\/\/enlamira.info\/index.php\/2025\/08\/25\/karina-milei-reaparecio-en-publico-tras-el-escandalo-por-presuntas-coimas\/","title":{"rendered":"Karina Milei reapareci\u00f3 en p\u00fablico tras el esc\u00e1ndalo por presuntas coimas"},"content":{"rendered":"\n<p>En medio del esc\u00e1ndalo por presuntas coimas en la Agencia Nacional de Discapacidad (ANDIS), Karina Milei reapareci\u00f3 en p\u00fablico este s\u00e1bado en La Matanza, en una \u201cJornada de Formaci\u00f3n de Fiscales\u201d de la provincia de Buenos Aires, enviando un mensaje directo a la oposici\u00f3n: \u201cVinimos para que no roben m\u00e1s\u201d.<\/p>\n\n\n\n<p>La aparici\u00f3n de Karina se produce en un contexto sumamente cr\u00edtico para ella y el Gobierno. La funcionaria est\u00e1 siendo se\u00f1alada en una causa judicial por un supuesto esquema de cobro y distribuci\u00f3n de coimas dentro de la ANDIS.<\/p>\n\n\n\n<p>Audios filtrados del extitular de la agencia, Diego Spagnuolo, la mencionan como una de las principales beneficiarias del circuito de corrupci\u00f3n investigado.<\/p>\n\n\n\n<p>En este marco, el encuentro, organizado por La Libertad Avanza (LLA), reuni\u00f3 a m\u00e1s de 8.000 personas, seg\u00fan inform\u00f3 el espacio en sus redes sociales.<\/p>\n\n\n\n<p>Adem\u00e1s de la hermana del Presidente, participaron destacados dirigentes libertarios y aliados, como Jos\u00e9 Luis Espert, Diego Santilli, Mart\u00edn Menem, Sebasti\u00e1n Pareja y Maximiliano Bondarenko.<\/p>\n\n\n\n<p>\u201cQuiero agradecerles porque, la verdad, es bestial la cantidad de gente tambi\u00e9n que qued\u00f3 afuera\u201d, destac\u00f3 Karina Milei ante los miles de asistentes. Y reforz\u00f3 el motivo central de la convocatoria: \u201cPero lo m\u00e1s importante es que todos estamos dispuestos a dar la batalla, a ir a fiscalizar para que no nos roben m\u00e1s\u201d.<\/p>\n\n\n\n<p>Posteriormente, la secretaria general celebr\u00f3 la convocatoria a trav\u00e9s de su cuenta de X: \u201cM\u00e1s de 8.000 guerreros en el conurbano se capacitaron para fiscalizar. As\u00ed se defiende la libertad: cuidando cada voto, enfrentando al kirchnerismo y asegurando que nunca m\u00e1s decidan por nosotros. El cambio es en las urnas y en la calle. Libertad o nada\u201d, afirm\u00f3.<\/p>\n","protected":false},"excerpt":{"rendered":"<p>En medio del esc\u00e1ndalo por presuntas coimas en la Agencia Nacional de Discapacidad (ANDIS), Karina Milei reapareci\u00f3 en p\u00fablico este s\u00e1bado en La Matanza, en una \u201cJornada de Formaci\u00f3n de Fiscales\u201d de la provincia de Buenos Aires, enviando un mensaje directo a la oposici\u00f3n: \u201cVinimos para que no roben m\u00e1s\u201d. La aparici\u00f3n de Karina se [&hellip;]<\/p>\n","protected":false},"author":4,"featured_media":18582,"comment_status":"open","ping_status":"open","sticky":false,"template":"","format":"standard","meta":{"footnotes":""},"categories":[1],"tags":[],"_links":{"self":[{"href":"https:\/\/enlamira.info\/index.php\/wp-json\/wp\/v2\/posts\/18584"}],"collection":[{"href":"https:\/\/enlamira.info\/index.php\/wp-json\/wp\/v2\/posts"}],"about":[{"href":"https:\/\/enlamira.info\/index.php\/wp-json\/wp\/v2\/types\/post"}],"author":[{"embeddable":true,"href":"https:\/\/enlamira.info\/index.php\/wp-json\/wp\/v2\/users\/4"}],"replies":[{"embeddable":true,"href":"https:\/\/enlamira.info\/index.php\/wp-json\/wp\/v2\/comments?post=18584"}],"version-history":[{"count":1,"href":"https:\/\/enlamira.info\/index.php\/wp-json\/wp\/v2\/posts\/18584\/revisions"}],"predecessor-version":[{"id":18585,"href":"https:\/\/enlamira.info\/index.php\/wp-json\/wp\/v2\/posts\/18584\/revisions\/18585"}],"wp:featuredmedia":[{"embeddable":true,"href":"https:\/\/enlamira.info\/index.php\/wp-json\/wp\/v2\/media\/18582"}],"wp:attachment":[{"href":"https:\/\/enlamira.info\/index.php\/wp-json\/wp\/v2\/media?parent=18584"}],"wp:term":[{"taxonomy":"category","embeddable":true,"href":"https:\/\/enlamira.info\/index.php\/wp-json\/wp\/v2\/categories?post=18584"},{"taxonomy":"post_tag","embeddable":true,"href":"https:\/\/enlamira.info\/index.php\/wp-json\/wp\/v2\/tags?post=18584"}],"curies":[{"name":"wp","href":"https:\/\/api.w.org\/{rel}","templated":true}]}}