{"id":18558,"date":"2025-08-22T13:50:53","date_gmt":"2025-08-22T16:50:53","guid":{"rendered":"https:\/\/enlamira.info\/?p=18558"},"modified":"2025-08-22T14:04:25","modified_gmt":"2025-08-22T17:04:25","slug":"hector-manuel-lopez-queremos-que-los-jovenes-vuelvan-a-tener-oficios-y-oportunidades-en-avellaneda","status":"publish","type":"post","link":"https:\/\/enlamira.info\/index.php\/2025\/08\/22\/hector-manuel-lopez-queremos-que-los-jovenes-vuelvan-a-tener-oficios-y-oportunidades-en-avellaneda\/","title":{"rendered":"H\u00e9ctor Manuel L\u00f3pez: \u201cQueremos que los j\u00f3venes vuelvan a tener oficios y oportunidades en Avellaneda\u201d"},"content":{"rendered":"\n<p>La campa\u00f1a electoral en Avellaneda contin\u00faa y el espacio <strong>Potencia<\/strong>, liderado por <strong>Mar\u00eda Eugenia Talerico<\/strong>, sigue presentando a sus candidatos. En esta ocasi\u00f3n, dialogamos con <strong>H\u00e9ctor Manuel L\u00f3pez<\/strong>, candidato a concejal por este espacio, quien proviene del <strong>MID<\/strong> y se suma al proyecto con la intenci\u00f3n de generar cambios concretos en la ciudad.<\/p>\n\n\n\n<p>L\u00f3pez destac\u00f3 la importancia de <strong>recuperar los oficios y la industria local<\/strong>, un sector que, seg\u00fan su visi\u00f3n, se encuentra en declive: \u201cHoy los j\u00f3venes no tienen escuelas de oficio ni oportunidades para aprender oficios como mec\u00e1nica, carpinter\u00eda o torner\u00eda. El oficio que se pierde hoy es el plan social de dentro de cinco a\u00f1os\u201d, afirm\u00f3.<\/p>\n\n\n\n<p>El candidato cuestion\u00f3 el funcionamiento del <strong>Consejo Deliberante<\/strong>, se\u00f1alando que gran parte de sus integrantes son funcionales al intendente Ferraresi y que las decisiones se toman sin verdadero debate: \u201cLa gente no conoce lo que pasa y lo sufre en su d\u00eda a d\u00eda. Presupuestos millonarios se aprueban sin discusi\u00f3n y las decisiones no benefician a los vecinos\u201d.<\/p>\n\n\n\n<p>Entre sus principales propuestas, L\u00f3pez mencion\u00f3 la <strong>baja de tasas para comercios y emprendedores<\/strong>, la <strong>recuperaci\u00f3n del polo industrial con cumplimiento de normas y seguridad laboral<\/strong>, y pol\u00edticas que permitan a los j\u00f3venes aprender un oficio y tener un futuro digno en Avellaneda.<\/p>\n\n\n\n<p>Sobre seguridad, asegur\u00f3 que la polic\u00eda se encuentra limitada por la intendencia y remarc\u00f3 la necesidad de <strong>libertad social y pol\u00edtica<\/strong>: \u201cLa gente no puede ser cautiva de un voto condicionado por planes sociales o empleos municipales. Queremos que cada vecino pueda elegir libremente\u201d, expres\u00f3.<\/p>\n\n\n\n<p>Finalmente, L\u00f3pez enfatiz\u00f3 su compromiso con la ciudadan\u00eda: \u201cQueremos que los chicos crezcan con esperanza, aprendan oficios, puedan generar su futuro y vivir en una ciudad segura. Recuperar la industria, la educaci\u00f3n y la seguridad es clave para Avellaneda\u201d.<\/p>\n\n\n\n<p>El espacio <strong>Potencia<\/strong> se consolida como una alternativa pol\u00edtica en la provincia de Buenos Aires, con un proyecto centrado en las necesidades de los vecinos, la educaci\u00f3n, el trabajo y la recuperaci\u00f3n de la econom\u00eda local.<\/p>\n\n\n\n<figure class=\"wp-block-embed is-type-video is-provider-youtube wp-block-embed-youtube wp-embed-aspect-16-9 wp-has-aspect-ratio\"><div class=\"wp-block-embed__wrapper\">\n<iframe loading=\"lazy\" title=\"Entrevista: Hector L\u00f3pez   (Candidatro a Concejal por POTENCIA) (Avellaneda)\" width=\"640\" height=\"360\" src=\"https:\/\/www.youtube.com\/embed\/_2IRjAHHBVY?feature=oembed\" frameborder=\"0\" allow=\"accelerometer; autoplay; clipboard-write; encrypted-media; gyroscope; picture-in-picture; web-share\" referrerpolicy=\"strict-origin-when-cross-origin\" allowfullscreen><\/iframe>\n<\/div><\/figure>\n","protected":false},"excerpt":{"rendered":"<p>La campa\u00f1a electoral en Avellaneda contin\u00faa y el espacio Potencia, liderado por Mar\u00eda Eugenia Talerico, sigue presentando a sus candidatos. En esta ocasi\u00f3n, dialogamos con H\u00e9ctor Manuel L\u00f3pez, candidato a concejal por este espacio, quien proviene del MID y se suma al proyecto con la intenci\u00f3n de generar cambios concretos en la ciudad. L\u00f3pez destac\u00f3 [&hellip;]<\/p>\n","protected":false},"author":4,"featured_media":18565,"comment_status":"open","ping_status":"open","sticky":false,"template":"","format":"standard","meta":{"footnotes":""},"categories":[1,20,5],"tags":[],"_links":{"self":[{"href":"https:\/\/enlamira.info\/index.php\/wp-json\/wp\/v2\/posts\/18558"}],"collection":[{"href":"https:\/\/enlamira.info\/index.php\/wp-json\/wp\/v2\/posts"}],"about":[{"href":"https:\/\/enlamira.info\/index.php\/wp-json\/wp\/v2\/types\/post"}],"author":[{"embeddable":true,"href":"https:\/\/enlamira.info\/index.php\/wp-json\/wp\/v2\/users\/4"}],"replies":[{"embeddable":true,"href":"https:\/\/enlamira.info\/index.php\/wp-json\/wp\/v2\/comments?post=18558"}],"version-history":[{"count":1,"href":"https:\/\/enlamira.info\/index.php\/wp-json\/wp\/v2\/posts\/18558\/revisions"}],"predecessor-version":[{"id":18560,"href":"https:\/\/enlamira.info\/index.php\/wp-json\/wp\/v2\/posts\/18558\/revisions\/18560"}],"wp:featuredmedia":[{"embeddable":true,"href":"https:\/\/enlamira.info\/index.php\/wp-json\/wp\/v2\/media\/18565"}],"wp:attachment":[{"href":"https:\/\/enlamira.info\/index.php\/wp-json\/wp\/v2\/media?parent=18558"}],"wp:term":[{"taxonomy":"category","embeddable":true,"href":"https:\/\/enlamira.info\/index.php\/wp-json\/wp\/v2\/categories?post=18558"},{"taxonomy":"post_tag","embeddable":true,"href":"https:\/\/enlamira.info\/index.php\/wp-json\/wp\/v2\/tags?post=18558"}],"curies":[{"name":"wp","href":"https:\/\/api.w.org\/{rel}","templated":true}]}}