{"id":18546,"date":"2025-08-22T13:37:18","date_gmt":"2025-08-22T16:37:18","guid":{"rendered":"https:\/\/enlamira.info\/?p=18546"},"modified":"2025-08-22T13:37:18","modified_gmt":"2025-08-22T16:37:18","slug":"recital-de-la-escuela-de-canto-de-adriana-cobas-en-zona-sur","status":"publish","type":"post","link":"https:\/\/enlamira.info\/index.php\/2025\/08\/22\/recital-de-la-escuela-de-canto-de-adriana-cobas-en-zona-sur\/","title":{"rendered":"Recital de la Escuela de Canto de Adriana Cobas en Zona Sur"},"content":{"rendered":"\n<p>La <strong>Escuela de Canto de Adriana Cobas<\/strong> realizar\u00e1 el <strong>tercer recital de la temporada 2025<\/strong> el pr\u00f3ximo <strong>domingo 24 de agosto a las 18 horas<\/strong>, en el <strong>Teatro del Boulevard<\/strong>, ubicado en Avenida Rivadavia 451, Valent\u00edn Alsina, a pocas cuadras del Boulevard Shopping.<\/p>\n\n\n\n<figure class=\"wp-block-image size-large\"><img loading=\"lazy\" decoding=\"async\" width=\"1024\" height=\"711\" src=\"https:\/\/enlamira.info\/wp-content\/uploads\/2025\/08\/4f39a44b-4e78-4172-9e01-d61aa3cc8392-1024x711.jpg\" alt=\"\" class=\"wp-image-18552\" srcset=\"https:\/\/enlamira.info\/wp-content\/uploads\/2025\/08\/4f39a44b-4e78-4172-9e01-d61aa3cc8392-1024x711.jpg 1024w, https:\/\/enlamira.info\/wp-content\/uploads\/2025\/08\/4f39a44b-4e78-4172-9e01-d61aa3cc8392-300x208.jpg 300w, https:\/\/enlamira.info\/wp-content\/uploads\/2025\/08\/4f39a44b-4e78-4172-9e01-d61aa3cc8392-768x533.jpg 768w, https:\/\/enlamira.info\/wp-content\/uploads\/2025\/08\/4f39a44b-4e78-4172-9e01-d61aa3cc8392.jpg 1280w\" sizes=\"(max-width: 1024px) 100vw, 1024px\" \/><\/figure>\n\n\n\n<p>Entre los artistas que se presentar\u00e1n se encuentra <strong>Andrea Cierski<\/strong>, vecina de Lan\u00fas e hija de la recordada <strong>Ramona Galiano<\/strong>, junto a su hijo <strong>Agust\u00edn Pires<\/strong>, ambos dedicados a la m\u00fasica y al aprendizaje vocal en la escuela. La propuesta de la instituci\u00f3n combina formaci\u00f3n t\u00e9cnica, expresi\u00f3n art\u00edstica y desarrollo personal, brindando a los alumnos la oportunidad de compartir su talento con un p\u00fablico real.<\/p>\n\n\n\n<p>En esta edici\u00f3n del recital participar\u00e1n cinco cantantes de la zona sur:<\/p>\n\n\n\n<ul>\n<li><strong>Roberto Parada<\/strong><\/li>\n\n\n\n<li><strong>M\u00f3nica Rom\u00e1n<\/strong><\/li>\n\n\n\n<li><strong>Agust\u00edn Pires<\/strong><\/li>\n\n\n\n<li><strong>Paula Primosic<\/strong><\/li>\n\n\n\n<li><strong>Andrea Cierski<\/strong>, quien cerrar\u00e1 el evento con su presentaci\u00f3n.<\/li>\n<\/ul>\n\n\n\n<p>Las entradas tendr\u00e1n un valor de <strong>$10.000<\/strong>, con una <strong>promoci\u00f3n 2&#215;1<\/strong> para quienes las adquieran a trav\u00e9s del programa <strong>La Voz del Vecino<\/strong>. Los interesados pueden comunicarse al WhatsApp <strong>11-3802-179<\/strong> para acceder a la oferta.<\/p>\n\n\n\n<figure class=\"wp-block-image size-large\"><img loading=\"lazy\" decoding=\"async\" width=\"724\" height=\"1024\" src=\"https:\/\/enlamira.info\/wp-content\/uploads\/2025\/08\/4f045662-a2d3-4e25-b778-3ad75c237ce5-724x1024.jpg\" alt=\"\" class=\"wp-image-18553\" srcset=\"https:\/\/enlamira.info\/wp-content\/uploads\/2025\/08\/4f045662-a2d3-4e25-b778-3ad75c237ce5-724x1024.jpg 724w, https:\/\/enlamira.info\/wp-content\/uploads\/2025\/08\/4f045662-a2d3-4e25-b778-3ad75c237ce5-212x300.jpg 212w, https:\/\/enlamira.info\/wp-content\/uploads\/2025\/08\/4f045662-a2d3-4e25-b778-3ad75c237ce5-768x1086.jpg 768w, https:\/\/enlamira.info\/wp-content\/uploads\/2025\/08\/4f045662-a2d3-4e25-b778-3ad75c237ce5-1086x1536.jpg 1086w, https:\/\/enlamira.info\/wp-content\/uploads\/2025\/08\/4f045662-a2d3-4e25-b778-3ad75c237ce5.jpg 1131w\" sizes=\"(max-width: 724px) 100vw, 724px\" \/><\/figure>\n\n\n\n<p>El <strong>Teatro del Boulevard<\/strong>, de ambiente \u00edntimo y acogedor, ofrece un espacio ideal para que los alumnos se presenten ante un p\u00fablico y ganen experiencia, mientras desarrollan su t\u00e9cnica y confianza en el escenario. Desde la escuela destacan la importancia de apoyar a los artistas locales y fomentar la cultura en la comunidad.<\/p>\n\n\n\n<p>El recital promete ser una oportunidad para disfrutar de m\u00fasica de calidad en un entorno cercano y accesible, y para acompa\u00f1ar a los nuevos talentos de la Zona Sur en sus primeros pasos sobre el escenario.<\/p>\n\n\n\n<figure class=\"wp-block-embed is-type-video is-provider-youtube wp-block-embed-youtube wp-embed-aspect-16-9 wp-has-aspect-ratio\"><div class=\"wp-block-embed__wrapper\">\n<iframe loading=\"lazy\" title=\"Escuela de Canto &quot;ADRIANA COBAS&quot;\" width=\"640\" height=\"360\" src=\"https:\/\/www.youtube.com\/embed\/WGBffpCZSqM?feature=oembed\" frameborder=\"0\" allow=\"accelerometer; autoplay; clipboard-write; encrypted-media; gyroscope; picture-in-picture; web-share\" referrerpolicy=\"strict-origin-when-cross-origin\" allowfullscreen><\/iframe>\n<\/div><\/figure>\n","protected":false},"excerpt":{"rendered":"<p>La Escuela de Canto de Adriana Cobas realizar\u00e1 el tercer recital de la temporada 2025 el pr\u00f3ximo domingo 24 de agosto a las 18 horas, en el Teatro del Boulevard, ubicado en Avenida Rivadavia 451, Valent\u00edn Alsina, a pocas cuadras del Boulevard Shopping. Entre los artistas que se presentar\u00e1n se encuentra Andrea Cierski, vecina de [&hellip;]<\/p>\n","protected":false},"author":4,"featured_media":18554,"comment_status":"open","ping_status":"open","sticky":false,"template":"","format":"standard","meta":{"footnotes":""},"categories":[1,15],"tags":[],"_links":{"self":[{"href":"https:\/\/enlamira.info\/index.php\/wp-json\/wp\/v2\/posts\/18546"}],"collection":[{"href":"https:\/\/enlamira.info\/index.php\/wp-json\/wp\/v2\/posts"}],"about":[{"href":"https:\/\/enlamira.info\/index.php\/wp-json\/wp\/v2\/types\/post"}],"author":[{"embeddable":true,"href":"https:\/\/enlamira.info\/index.php\/wp-json\/wp\/v2\/users\/4"}],"replies":[{"embeddable":true,"href":"https:\/\/enlamira.info\/index.php\/wp-json\/wp\/v2\/comments?post=18546"}],"version-history":[{"count":1,"href":"https:\/\/enlamira.info\/index.php\/wp-json\/wp\/v2\/posts\/18546\/revisions"}],"predecessor-version":[{"id":18555,"href":"https:\/\/enlamira.info\/index.php\/wp-json\/wp\/v2\/posts\/18546\/revisions\/18555"}],"wp:featuredmedia":[{"embeddable":true,"href":"https:\/\/enlamira.info\/index.php\/wp-json\/wp\/v2\/media\/18554"}],"wp:attachment":[{"href":"https:\/\/enlamira.info\/index.php\/wp-json\/wp\/v2\/media?parent=18546"}],"wp:term":[{"taxonomy":"category","embeddable":true,"href":"https:\/\/enlamira.info\/index.php\/wp-json\/wp\/v2\/categories?post=18546"},{"taxonomy":"post_tag","embeddable":true,"href":"https:\/\/enlamira.info\/index.php\/wp-json\/wp\/v2\/tags?post=18546"}],"curies":[{"name":"wp","href":"https:\/\/api.w.org\/{rel}","templated":true}]}}