{"id":18534,"date":"2025-08-22T01:04:52","date_gmt":"2025-08-22T04:04:52","guid":{"rendered":"https:\/\/enlamira.info\/?p=18534"},"modified":"2025-08-22T01:04:52","modified_gmt":"2025-08-22T04:04:52","slug":"kicillof-inauguro-una-alcaidia-departamental-en-quilmes","status":"publish","type":"post","link":"https:\/\/enlamira.info\/index.php\/2025\/08\/22\/kicillof-inauguro-una-alcaidia-departamental-en-quilmes\/","title":{"rendered":"Kicillof inaugur\u00f3 una Alcaid\u00eda Departamental en Quilmes"},"content":{"rendered":"\n<p>El gobernador de la provincia de Buenos Aires, Axel Kicillof, encabez\u00f3 este jueves el acto de inauguraci\u00f3n de una Alcaid\u00eda Departamental en el municipio de Quilmes, junto a los ministros de Seguridad, Javier Alonso; de Justicia y Derechos Humanos, Mart\u00edn Mena; la intendenta local, Mayra Mendoza; y la secretaria de Desarrollo Urbano y Obra P\u00fablica local, Cecilia Soler. <\/p>\n\n\n\n<p>En ese marco, Kicillof afirm\u00f3: \u201cEsta nueva alcaid\u00eda en Quilmes es un paso m\u00e1s del hist\u00f3rico plan de ampliaci\u00f3n de la infraestructura penitenciaria que estamos llevando adelante en la provincia de Buenos Aires\u201d. \u201cHoy estamos alcanzando las 8.424 nuevas plazas y nos proponemos llegar a las 12.000 en los pr\u00f3ximos a\u00f1os\u201d, agreg\u00f3.<\/p>\n\n\n\n<p>\u201cEstas obras permiten tambi\u00e9n reforzar la presencia de nuestras fuerzas donde tienen que estar: en las calles, patrullando, trabajando para prevenir el delito; y no asignados a cuidar a detenidos en comisar\u00edas\u201d, sostuvo el Gobernador. <\/p>\n\n\n\n<p>\u201cEl \u00fanico problema que tenemos para cumplir con la totalidad de nuestro plan tiene nombre y apellido: se llama Javier Milei y se rob\u00f3 los fondos que el Gobierno nacional se hab\u00eda comprometido a destinar para ampliar el Servicio Penitenciario Bonaerense\u201d, destac\u00f3 Kicillof.<\/p>\n\n\n\n<p>La alcald\u00eda cuenta con cuatro pabellones con 156 celdas para albergar a 312 internos. A partir de una inversi\u00f3n de $15.091 millones, el nuevo predio posee adem\u00e1s doble alambrado, muro perimetral, cuatro controles de vigilancia y cinco garitas de seguridad.<\/p>\n\n\n\n<p>En tanto, la intendenta Mendoza remarc\u00f3: \u201cEsta obra, resultado del trabajo conjunto y cotidiano entre la Provincia y el municipio, permitir\u00e1 que muchos polic\u00edas dejen de cuidar detenidos en comisar\u00edas y refuercen sus tareas de control y patrullajes en nuestros barrios\u201d. \u201cMientras el Gobierno nacional agravia y reprime, nosotros asumimos este tema con mucha responsabilidad e invertimos para prevenir el delito y proteger a nuestros vecinos\u201d, agreg\u00f3.<\/p>\n\n\n\n<p>Las nuevas instalaciones forman parte del Plan de Infraestructura Penitenciaria Bonaerense, que lleva adelante el gobierno de la provincia de Buenos Aires desde 2020 y tiene como objetivo ampliar en un 50% las plazas, pasando de 24.000 a 36.000. <\/p>\n\n\n\n<p>Por \u00faltimo, Kicillof subray\u00f3: \u201cEl contraste es claro: mientras que la Provincia, con recursos propios, cumpli\u00f3 y construy\u00f3 lo que plane\u00f3, Javier Milei no puso un solo peso para ampliar el sistema\u201d. \u201cMejorar la seguridad es algo que requiere de planificaci\u00f3n, de inversi\u00f3n, de compromiso y de trabajo coordinado: eso es lo que realizamos desde la Provincia y los municipios, con el \u00fanico objetivo de que los y las bonaerenses vivan m\u00e1s tranquilos\u201d, concluy\u00f3.<\/p>\n\n\n\n<p>Estuvieron presentes los subsecretarios de Pol\u00edtica Penitenciaria, Jos\u00e9 Gonz\u00e1lez Hueso; de Derechos Humanos, Mat\u00edas Moreno; de Articulaci\u00f3n Institucional para la Seguridad, Eduardo Aparicio; de Pol\u00edtica Criminal, Lisandro Pellegrini; de Control Interno, Nazareno Castro Bergam\u00edn; su par de T\u00e9cnica, Administrativa y Legal del ministerio de Justicia y Derechos Humanos, Maitena Villegas; el jefe del Servicio Penitenciario Bonaerense, Xavier Areces; y el subjefe del organismo, Javier C\u00e1ceres; y autoridades del Poder Judicial.<\/p>\n","protected":false},"excerpt":{"rendered":"<p>El gobernador de la provincia de Buenos Aires, Axel Kicillof, encabez\u00f3 este jueves el acto de inauguraci\u00f3n de una Alcaid\u00eda Departamental en el municipio de Quilmes, junto a los ministros de Seguridad, Javier Alonso; de Justicia y Derechos Humanos, Mart\u00edn Mena; la intendenta local, Mayra Mendoza; y la secretaria de Desarrollo Urbano y Obra P\u00fablica [&hellip;]<\/p>\n","protected":false},"author":4,"featured_media":18537,"comment_status":"open","ping_status":"open","sticky":false,"template":"","format":"standard","meta":{"footnotes":""},"categories":[1],"tags":[28,1055,443],"_links":{"self":[{"href":"https:\/\/enlamira.info\/index.php\/wp-json\/wp\/v2\/posts\/18534"}],"collection":[{"href":"https:\/\/enlamira.info\/index.php\/wp-json\/wp\/v2\/posts"}],"about":[{"href":"https:\/\/enlamira.info\/index.php\/wp-json\/wp\/v2\/types\/post"}],"author":[{"embeddable":true,"href":"https:\/\/enlamira.info\/index.php\/wp-json\/wp\/v2\/users\/4"}],"replies":[{"embeddable":true,"href":"https:\/\/enlamira.info\/index.php\/wp-json\/wp\/v2\/comments?post=18534"}],"version-history":[{"count":1,"href":"https:\/\/enlamira.info\/index.php\/wp-json\/wp\/v2\/posts\/18534\/revisions"}],"predecessor-version":[{"id":18535,"href":"https:\/\/enlamira.info\/index.php\/wp-json\/wp\/v2\/posts\/18534\/revisions\/18535"}],"wp:featuredmedia":[{"embeddable":true,"href":"https:\/\/enlamira.info\/index.php\/wp-json\/wp\/v2\/media\/18537"}],"wp:attachment":[{"href":"https:\/\/enlamira.info\/index.php\/wp-json\/wp\/v2\/media?parent=18534"}],"wp:term":[{"taxonomy":"category","embeddable":true,"href":"https:\/\/enlamira.info\/index.php\/wp-json\/wp\/v2\/categories?post=18534"},{"taxonomy":"post_tag","embeddable":true,"href":"https:\/\/enlamira.info\/index.php\/wp-json\/wp\/v2\/tags?post=18534"}],"curies":[{"name":"wp","href":"https:\/\/api.w.org\/{rel}","templated":true}]}}