{"id":18497,"date":"2025-08-20T00:04:00","date_gmt":"2025-08-20T03:04:00","guid":{"rendered":"https:\/\/enlamira.info\/?p=18497"},"modified":"2025-08-19T23:30:28","modified_gmt":"2025-08-20T02:30:28","slug":"se-inauguraron-dos-nuevas-instituciones-educativas-en-almirante-brown","status":"publish","type":"post","link":"https:\/\/enlamira.info\/index.php\/2025\/08\/20\/se-inauguraron-dos-nuevas-instituciones-educativas-en-almirante-brown\/","title":{"rendered":"Se inauguraron dos nuevas instituciones educativas en Almirante Brown"},"content":{"rendered":"\n<p>El director general de Cultura y Educaci\u00f3n bonaerense, Alberto Sileoni, el intendente de Almirante Brown, Mariano Cascallares, y la secretaria de Prevenci\u00f3n y Seguridad Ciudadana, Paula Eichel, inauguraron en Glew el Centro de Formaci\u00f3n Integral (CFI) N\u00b02 y del edificio de la Escuela de Educaci\u00f3n Secundaria (EES) N\u00b082.<\/p>\n\n\n\n<p>La jornada comenz\u00f3 en el CFI N\u00b02, ubicado en Monroe N\u00b01076, donde las autoridades junto a la directora Silvia Bed\u00fa realizaron el tradicional corte de cinta y el descubrimiento de una placa conmemorativa.<\/p>\n\n\n\n<p>El edificio, que inici\u00f3 su ciclo lectivo en junio, cuenta con una matr\u00edcula de 200 estudiantes (25 de ellos con inclusi\u00f3n laborak) y dispone de hall, administraci\u00f3n, dependencias administrativas, sal\u00f3n de usos m\u00faltiples, sala de m\u00e1quinas y n\u00facleos sanitarios.<\/p>\n\n\n\n<p>\u201cEstamos muy felices de recibir a Alberto (Sileoni) para inaugurar dos nuevos establecimientos en Glew, en el marco de una incesante pol\u00edtica p\u00fablica que permiti\u00f3 desde el inicio de nuestra gesti\u00f3n en 2016 la creaci\u00f3n de 53 nuevas instituciones educativas de todos los niveles y modalidades, adem\u00e1s de la querida Universidad Nacional Guillermo Brown\u201d, destac\u00f3 Cascallares.<\/p>\n\n\n\n<p>En esa l\u00ednea, el jefe comunal sostuvo que \u201ctenemos en claro que la escuela p\u00fablica de calidad, gratuita, es la verdadera herramienta que da oportunidades a nuestra gente, a nuestros barrios, a nuestro Municipio, a la Provincia y al pa\u00eds\u201d.<\/p>\n\n\n\n<p>Y complet\u00f3: \u201cEn un momento donde todo est\u00e1 en debate, donde se han tomado desde el Gobierno Nacional recortes que hacen al recorte general de la educaci\u00f3n en todos sus niveles y momentos donde se pone en discusi\u00f3n el Estado, bueno el Estado es esto. Es un jard\u00edn de infantes, una primaria, la Secundaria N\u00b082. Hoy m\u00e1s que nunca queremos apoyar las pol\u00edticas p\u00fablicas que realiza la Provincia en este sentido\u201d.<\/p>\n\n\n\n<p>Posteriormente, la comitiva se traslad\u00f3 al nuevo edificio de la Escuela de Educaci\u00f3n Secundaria N\u00b082, en Victorino de la Plaza y Ministro French, donde tambi\u00e9n participaron el jefe de Gabinete, Leandro Battafarano, y el presidente del Honorable Concejo Deliberante, Nicol\u00e1s Jawtuschenko.<\/p>\n\n\n\n<p>La instituci\u00f3n cuenta con Sal\u00f3n de Usos M\u00faltiples (SUM), seis aulas, sanitarios para ni\u00f1os, ni\u00f1as y personas con movilidad reducida, direcci\u00f3n y administraci\u00f3n, buffet, office de administraci\u00f3n, adem\u00e1s de un play\u00f3n de recreaci\u00f3n, un play\u00f3n deportivo y cercos perimetrales con portones de acceso.<\/p>\n\n\n\n<p>De las actividades tambi\u00e9n participaron la directora general de Empleo, Micaela Ortiz; la consejera escolar, Iris Balmaceda; el coordinador para la Promoci\u00f3n en Ciudadan\u00eda y Participaci\u00f3n, Sebasti\u00e1n Ozon, y consejeros escolares.<\/p>\n","protected":false},"excerpt":{"rendered":"<p>El director general de Cultura y Educaci\u00f3n bonaerense, Alberto Sileoni, el intendente de Almirante Brown, Mariano Cascallares, y la secretaria de Prevenci\u00f3n y Seguridad Ciudadana, Paula Eichel, inauguraron en Glew el Centro de Formaci\u00f3n Integral (CFI) N\u00b02 y del edificio de la Escuela de Educaci\u00f3n Secundaria (EES) N\u00b082. La jornada comenz\u00f3 en el CFI N\u00b02, [&hellip;]<\/p>\n","protected":false},"author":4,"featured_media":18490,"comment_status":"open","ping_status":"open","sticky":false,"template":"","format":"standard","meta":{"footnotes":""},"categories":[1],"tags":[1906,1899,28],"_links":{"self":[{"href":"https:\/\/enlamira.info\/index.php\/wp-json\/wp\/v2\/posts\/18497"}],"collection":[{"href":"https:\/\/enlamira.info\/index.php\/wp-json\/wp\/v2\/posts"}],"about":[{"href":"https:\/\/enlamira.info\/index.php\/wp-json\/wp\/v2\/types\/post"}],"author":[{"embeddable":true,"href":"https:\/\/enlamira.info\/index.php\/wp-json\/wp\/v2\/users\/4"}],"replies":[{"embeddable":true,"href":"https:\/\/enlamira.info\/index.php\/wp-json\/wp\/v2\/comments?post=18497"}],"version-history":[{"count":1,"href":"https:\/\/enlamira.info\/index.php\/wp-json\/wp\/v2\/posts\/18497\/revisions"}],"predecessor-version":[{"id":18498,"href":"https:\/\/enlamira.info\/index.php\/wp-json\/wp\/v2\/posts\/18497\/revisions\/18498"}],"wp:featuredmedia":[{"embeddable":true,"href":"https:\/\/enlamira.info\/index.php\/wp-json\/wp\/v2\/media\/18490"}],"wp:attachment":[{"href":"https:\/\/enlamira.info\/index.php\/wp-json\/wp\/v2\/media?parent=18497"}],"wp:term":[{"taxonomy":"category","embeddable":true,"href":"https:\/\/enlamira.info\/index.php\/wp-json\/wp\/v2\/categories?post=18497"},{"taxonomy":"post_tag","embeddable":true,"href":"https:\/\/enlamira.info\/index.php\/wp-json\/wp\/v2\/tags?post=18497"}],"curies":[{"name":"wp","href":"https:\/\/api.w.org\/{rel}","templated":true}]}}