{"id":18495,"date":"2025-08-20T00:03:00","date_gmt":"2025-08-20T03:03:00","guid":{"rendered":"https:\/\/enlamira.info\/?p=18495"},"modified":"2025-08-19T23:29:39","modified_gmt":"2025-08-20T02:29:39","slug":"el-municipio-de-quilmes-creo-un-gabinete-especializado-para-combatir-la-ciberpedofilia-y-la-trata-de-personas","status":"publish","type":"post","link":"https:\/\/enlamira.info\/index.php\/2025\/08\/20\/el-municipio-de-quilmes-creo-un-gabinete-especializado-para-combatir-la-ciberpedofilia-y-la-trata-de-personas\/","title":{"rendered":"El Municipio de Quilmes cre\u00f3 un gabinete especializado para combatir la ciberpedofilia y la trata de personas"},"content":{"rendered":"\n<p>El Municipio de Quilmes inform\u00f3 la creaci\u00f3n de un Gabinete Especializado en Ciberpedofilia y Trata de Personas, que surge de una articulaci\u00f3n estrat\u00e9gica entre la gesti\u00f3n local, la Polic\u00eda de la Provincia de Buenos Aires y el Ministerio P\u00fablico Fiscal, para fortalecer el combate contra el grooming y la violencia en entornos digitales.<\/p>\n\n\n\n<p>La nueva unidad funcionar\u00e1 en las instalaciones de la Secretar\u00eda de Seguridad y estar\u00e1 integrada por efectivos policiales abocados de manera exclusiva a tareas de investigaci\u00f3n y persecuci\u00f3n penal de estos delitos, con la asistencia del fiscal Daniel Ichazo, especialista en la materia. La iniciativa busca una respuesta m\u00e1s efectiva ante las complejas modalidades criminales que afectan especialmente a las personas m\u00e1s vulnerables.<\/p>\n\n\n\n<p>En este contexto, el secretario de Seguridad de Quilmes, Gaspar De St\u00e9fano, se refiri\u00f3 a la iniciativa en sus redes sociales, subrayando la importancia del trabajo en conjunto: \u201cJunto al fiscal Daniel Ichazo y autoridades policiales, presentamos el nuevo Gabinete Especializado en Ciberpedofilia y Trata de Personas que funcionar\u00e1 en la Secretar\u00eda de Seguridad de Quilmes, garantizando mayor prevenci\u00f3n y combate a esta modalidad criminal\u201d.<\/p>\n\n\n\n<p>El funcionario a\u00f1adi\u00f3 que \u201cel trabajo articulado entre el Ministerio P\u00fablico Fiscal, la Polic\u00eda y los Gobiernos locales es fundamental en el cuidado de las infancias y de las personas m\u00e1s vulnerables\u201d.<\/p>\n","protected":false},"excerpt":{"rendered":"<p>El Municipio de Quilmes inform\u00f3 la creaci\u00f3n de un Gabinete Especializado en Ciberpedofilia y Trata de Personas, que surge de una articulaci\u00f3n estrat\u00e9gica entre la gesti\u00f3n local, la Polic\u00eda de la Provincia de Buenos Aires y el Ministerio P\u00fablico Fiscal, para fortalecer el combate contra el grooming y la violencia en entornos digitales. La nueva [&hellip;]<\/p>\n","protected":false},"author":4,"featured_media":18489,"comment_status":"open","ping_status":"open","sticky":false,"template":"","format":"standard","meta":{"footnotes":""},"categories":[1],"tags":[28],"_links":{"self":[{"href":"https:\/\/enlamira.info\/index.php\/wp-json\/wp\/v2\/posts\/18495"}],"collection":[{"href":"https:\/\/enlamira.info\/index.php\/wp-json\/wp\/v2\/posts"}],"about":[{"href":"https:\/\/enlamira.info\/index.php\/wp-json\/wp\/v2\/types\/post"}],"author":[{"embeddable":true,"href":"https:\/\/enlamira.info\/index.php\/wp-json\/wp\/v2\/users\/4"}],"replies":[{"embeddable":true,"href":"https:\/\/enlamira.info\/index.php\/wp-json\/wp\/v2\/comments?post=18495"}],"version-history":[{"count":1,"href":"https:\/\/enlamira.info\/index.php\/wp-json\/wp\/v2\/posts\/18495\/revisions"}],"predecessor-version":[{"id":18496,"href":"https:\/\/enlamira.info\/index.php\/wp-json\/wp\/v2\/posts\/18495\/revisions\/18496"}],"wp:featuredmedia":[{"embeddable":true,"href":"https:\/\/enlamira.info\/index.php\/wp-json\/wp\/v2\/media\/18489"}],"wp:attachment":[{"href":"https:\/\/enlamira.info\/index.php\/wp-json\/wp\/v2\/media?parent=18495"}],"wp:term":[{"taxonomy":"category","embeddable":true,"href":"https:\/\/enlamira.info\/index.php\/wp-json\/wp\/v2\/categories?post=18495"},{"taxonomy":"post_tag","embeddable":true,"href":"https:\/\/enlamira.info\/index.php\/wp-json\/wp\/v2\/tags?post=18495"}],"curies":[{"name":"wp","href":"https:\/\/api.w.org\/{rel}","templated":true}]}}