{"id":18481,"date":"2025-08-19T14:31:16","date_gmt":"2025-08-19T17:31:16","guid":{"rendered":"https:\/\/enlamira.info\/?p=18481"},"modified":"2025-08-19T14:31:16","modified_gmt":"2025-08-19T17:31:16","slug":"villa-corina-vecinos-desesperados-por-un-hombre-con-graves-problemas-psiquiatricos","status":"publish","type":"post","link":"https:\/\/enlamira.info\/index.php\/2025\/08\/19\/villa-corina-vecinos-desesperados-por-un-hombre-con-graves-problemas-psiquiatricos\/","title":{"rendered":"Villa Corina: vecinos desesperados por un hombre con graves problemas psiqui\u00e1tricos"},"content":{"rendered":"\n<p>En <strong>Villa Corina, Avellaneda<\/strong>, los vecinos atraviesan una situaci\u00f3n alarmante: denuncian que un hombre de 82 a\u00f1os, con graves problemas psiqui\u00e1tricos y de alcoholismo, se encuentra completamente abandonado y genera un escenario de insalubridad y violencia en el edificio donde reside.<\/p>\n\n\n\n<figure class=\"wp-block-image size-large\"><img loading=\"lazy\" decoding=\"async\" width=\"1024\" height=\"576\" src=\"https:\/\/enlamira.info\/wp-content\/uploads\/2025\/08\/269c4fd7-28f0-42da-a0b4-8b42854719fe-1024x576.jpg\" alt=\"\" class=\"wp-image-18482\" srcset=\"https:\/\/enlamira.info\/wp-content\/uploads\/2025\/08\/269c4fd7-28f0-42da-a0b4-8b42854719fe-1024x576.jpg 1024w, https:\/\/enlamira.info\/wp-content\/uploads\/2025\/08\/269c4fd7-28f0-42da-a0b4-8b42854719fe-300x169.jpg 300w, https:\/\/enlamira.info\/wp-content\/uploads\/2025\/08\/269c4fd7-28f0-42da-a0b4-8b42854719fe-768x432.jpg 768w, https:\/\/enlamira.info\/wp-content\/uploads\/2025\/08\/269c4fd7-28f0-42da-a0b4-8b42854719fe-1536x864.jpg 1536w, https:\/\/enlamira.info\/wp-content\/uploads\/2025\/08\/269c4fd7-28f0-42da-a0b4-8b42854719fe.jpg 1600w\" sizes=\"(max-width: 1024px) 100vw, 1024px\" \/><\/figure>\n\n\n\n<p>Daniel, vecino del complejo, relat\u00f3 que el conflicto lleva <strong>m\u00e1s de seis a\u00f1os<\/strong>, pero que en el \u00faltimo a\u00f1o la situaci\u00f3n se agrav\u00f3 notablemente. El hombre \u2014jubilado, acumulador compulsivo y en abandono familiar\u2014 vive solo en condiciones precarias y expone a toda la comunidad a un drama constante.<\/p>\n\n\n\n<h3 class=\"wp-block-heading\">Condiciones extremas<\/h3>\n\n\n\n<p>Seg\u00fan los vecinos, el hombre nunca se ba\u00f1a, es incontinente y ensucia constantemente los espacios comunes. Se denuncian situaciones de extrema insalubridad: ensucia ascensores, puertas y pasillos con excremento, vomita y defeca en los palieres. Adem\u00e1s, su departamento est\u00e1 colmado de basura y ratas.<\/p>\n\n\n\n<p>Los vecinos tambi\u00e9n advierten conductas de riesgo para la comunidad: ha sido visto exponiendo sus genitales frente a ni\u00f1os, rompe cerraduras y agrede verbalmente a quienes intentan acercarse. \u201cEsto es una pel\u00edcula de terror. No se puede convivir as\u00ed. Nadie se hace cargo: ni la familia, ni PAMI, ni el municipio\u201d, cont\u00f3 Daniel.<\/p>\n\n\n\n<figure class=\"wp-block-image size-large\"><img loading=\"lazy\" decoding=\"async\" width=\"1024\" height=\"576\" src=\"https:\/\/enlamira.info\/wp-content\/uploads\/2025\/08\/5ffdc60f-0335-4ed8-8ff9-f238c85e94aa-1024x576.jpg\" alt=\"\" class=\"wp-image-18483\" srcset=\"https:\/\/enlamira.info\/wp-content\/uploads\/2025\/08\/5ffdc60f-0335-4ed8-8ff9-f238c85e94aa-1024x576.jpg 1024w, https:\/\/enlamira.info\/wp-content\/uploads\/2025\/08\/5ffdc60f-0335-4ed8-8ff9-f238c85e94aa-300x169.jpg 300w, https:\/\/enlamira.info\/wp-content\/uploads\/2025\/08\/5ffdc60f-0335-4ed8-8ff9-f238c85e94aa-768x432.jpg 768w, https:\/\/enlamira.info\/wp-content\/uploads\/2025\/08\/5ffdc60f-0335-4ed8-8ff9-f238c85e94aa-1536x864.jpg 1536w, https:\/\/enlamira.info\/wp-content\/uploads\/2025\/08\/5ffdc60f-0335-4ed8-8ff9-f238c85e94aa.jpg 1600w\" sizes=\"(max-width: 1024px) 100vw, 1024px\" \/><\/figure>\n\n\n\n<h3 class=\"wp-block-heading\">Denuncias sin respuesta<\/h3>\n\n\n\n<p>A pesar de las m\u00faltiples llamadas al <strong>911<\/strong>, al <strong>107<\/strong> y a <strong>PAMI<\/strong>, los vecinos aseguran que no reciben soluciones definitivas. En una ocasi\u00f3n, el hombre fue internado en el Hospital de Wilde, aunque se fug\u00f3 pocas horas despu\u00e9s.<\/p>\n\n\n\n<p>\u201cLo \u00fanico que recibimos son respuestas paliativas: lo ba\u00f1an, lo cambian y lo devuelven. Pero el problema sigue. No podemos seguir viviendo entre excremento, ratas y amenazas\u201d, expresan los residentes.<\/p>\n\n\n\n<h3 class=\"wp-block-heading\">El vac\u00edo en salud mental<\/h3>\n\n\n\n<p>Este caso refleja una problem\u00e1tica m\u00e1s amplia: la falta de dispositivos de internaci\u00f3n y contenci\u00f3n para personas con graves trastornos psiqui\u00e1tricos. En Avellaneda y en gran parte del conurbano sur, los vecinos denuncian que <strong>no existe un sistema que responda de manera efectiva<\/strong>.<\/p>\n\n\n\n<p>Los especialistas en salud mental advierten que los adultos mayores con enfermedades psiqui\u00e1tricas requieren atenci\u00f3n constante y programas integrales de contenci\u00f3n, algo que actualmente no est\u00e1 disponible en muchos municipios.<\/p>\n\n\n\n<h3 class=\"wp-block-heading\">El pedido de los vecinos<\/h3>\n\n\n\n<p>Los habitantes de Villa Corina exigen una intervenci\u00f3n urgente de las autoridades municipales, provinciales y de organismos como la <strong>Defensor\u00eda del Pueblo<\/strong>, para garantizar la salud p\u00fablica y la seguridad de toda la comunidad.<\/p>\n\n\n\n<p>\u201cAc\u00e1 no se trata solo de un hombre abandonado. Es la vida de decenas de familias expuestas a una situaci\u00f3n insostenible. Necesitamos una soluci\u00f3n ya\u201d, concluy\u00f3 Daniel.<\/p>\n\n\n\n<figure class=\"wp-block-embed is-type-video is-provider-youtube wp-block-embed-youtube wp-embed-aspect-16-9 wp-has-aspect-ratio\"><div class=\"wp-block-embed__wrapper\">\n<iframe loading=\"lazy\" title=\"Entrevista: Vecino de Villa Corina (Avellaneda) denuncian a un Acomulador Serial\" width=\"640\" height=\"360\" src=\"https:\/\/www.youtube.com\/embed\/kpl6ko4yEdc?feature=oembed\" frameborder=\"0\" allow=\"accelerometer; autoplay; clipboard-write; encrypted-media; gyroscope; picture-in-picture; web-share\" referrerpolicy=\"strict-origin-when-cross-origin\" allowfullscreen><\/iframe>\n<\/div><\/figure>\n","protected":false},"excerpt":{"rendered":"<p>En Villa Corina, Avellaneda, los vecinos atraviesan una situaci\u00f3n alarmante: denuncian que un hombre de 82 a\u00f1os, con graves problemas psiqui\u00e1tricos y de alcoholismo, se encuentra completamente abandonado y genera un escenario de insalubridad y violencia en el edificio donde reside. Daniel, vecino del complejo, relat\u00f3 que el conflicto lleva m\u00e1s de seis a\u00f1os, pero [&hellip;]<\/p>\n","protected":false},"author":4,"featured_media":18482,"comment_status":"open","ping_status":"open","sticky":false,"template":"","format":"standard","meta":{"footnotes":""},"categories":[1,23,34],"tags":[],"_links":{"self":[{"href":"https:\/\/enlamira.info\/index.php\/wp-json\/wp\/v2\/posts\/18481"}],"collection":[{"href":"https:\/\/enlamira.info\/index.php\/wp-json\/wp\/v2\/posts"}],"about":[{"href":"https:\/\/enlamira.info\/index.php\/wp-json\/wp\/v2\/types\/post"}],"author":[{"embeddable":true,"href":"https:\/\/enlamira.info\/index.php\/wp-json\/wp\/v2\/users\/4"}],"replies":[{"embeddable":true,"href":"https:\/\/enlamira.info\/index.php\/wp-json\/wp\/v2\/comments?post=18481"}],"version-history":[{"count":1,"href":"https:\/\/enlamira.info\/index.php\/wp-json\/wp\/v2\/posts\/18481\/revisions"}],"predecessor-version":[{"id":18484,"href":"https:\/\/enlamira.info\/index.php\/wp-json\/wp\/v2\/posts\/18481\/revisions\/18484"}],"wp:featuredmedia":[{"embeddable":true,"href":"https:\/\/enlamira.info\/index.php\/wp-json\/wp\/v2\/media\/18482"}],"wp:attachment":[{"href":"https:\/\/enlamira.info\/index.php\/wp-json\/wp\/v2\/media?parent=18481"}],"wp:term":[{"taxonomy":"category","embeddable":true,"href":"https:\/\/enlamira.info\/index.php\/wp-json\/wp\/v2\/categories?post=18481"},{"taxonomy":"post_tag","embeddable":true,"href":"https:\/\/enlamira.info\/index.php\/wp-json\/wp\/v2\/tags?post=18481"}],"curies":[{"name":"wp","href":"https:\/\/api.w.org\/{rel}","templated":true}]}}